{"id":123217,"date":"2020-03-02T17:14:47","date_gmt":"2020-03-02T16:14:47","guid":{"rendered":"https:\/\/zjarr.tv\/?p=123217"},"modified":"2020-03-02T17:14:47","modified_gmt":"2020-03-02T16:14:47","slug":"presidenca-jep-mesazhin-e-fundit-do-behet-nje-votim-dhe-shpallet-nje-betim","status":"publish","type":"post","link":"https:\/\/zjarr.tv\/sq\/presidenca-jep-mesazhin-e-fundit-do-behet-nje-votim-dhe-shpallet-nje-betim\/","title":{"rendered":"Presidenca jep mesazhin e fundit: Do b\u00ebhet nj\u00eb votim dhe shpallet nj\u00eb betim\u2026"},"content":{"rendered":"<p>Presidenca jep mesazhin e fundit para nisjes s\u00eb manifestimit, teksa tashm\u00eb n\u00eb shesh jan\u00eb mbledhur mjaft qytetar\u00eb, q\u00eb mbajn\u00eb t\u00eb gjith\u00eb lidhur n\u00eb krah flamurin kuqezi.<\/p>\n<p>Z\u00ebdh\u00ebn\u00ebsi i Presidentit Ilir Meta, Tedi Blushi, iu uron mir\u00ebseardhjen n\u00eb \u201cFacebook\u201d t\u00eb gjith\u00eb qytetar\u00ebve, n\u00eb at\u00eb, q\u00eb ai e quan manifestim i jasht\u00ebzakonsh\u00ebm mbar\u00ebkomb\u00ebtar.<\/p>\n<p>\u201cMotra dhe v\u00ebllez\u00ebr, Mir\u00ebsevini n\u00eb k\u00ebt\u00eb Manifestimin t\u00eb jasht\u00ebzakonsh\u00ebm Mbar\u00ebkomb\u00ebtar, ku do t\u00eb firmoset nj\u00eb DEKRET, do b\u00ebhet nj\u00eb VOTIM dhe do shpallet nj\u00eb BETIM! SOT NIS PRANVERA E PANDALSHME KUQEZI! \ud83c\udde6\ud83c\uddf1 #P\u00ebrKushtetut\u00ebn\ud83c\udde6\ud83c\uddf1 #P\u00ebrRepublik\u00ebn\ud83c\udde6\ud83c\uddf1 #P\u00ebrShqip\u00ebrin\u00eb\ud83c\udde6\ud83c\uddf1 #P\u00ebrKombin\ud83c\udde6\ud83c\uddf1\u201d, shkruan Blushi.<\/p>\n","protected":false},"excerpt":{"rendered":"<p>Presidenca jep mesazhin e fundit para nisjes s\u00eb manifestimit, teksa tashm\u00eb n\u00eb shesh jan\u00eb mbledhur mjaft qytetar\u00eb, q\u00eb mbajn\u00eb t\u00eb gjith\u00eb lidhur n\u00eb krah flamurin kuqezi. Z\u00ebdh\u00ebn\u00ebsi i Presidentit Ilir Meta, Tedi Blushi, iu uron mir\u00ebseardhjen n\u00eb \u201cFacebook\u201d t\u00eb gjith\u00eb qytetar\u00ebve, n\u00eb at\u00eb, q\u00eb ai e quan manifestim i jasht\u00ebzakonsh\u00ebm mbar\u00ebkomb\u00ebtar. \u201cMotra dhe v\u00ebllez\u00ebr, Mir\u00ebsevini [&hellip;]<\/p>\n","protected":false},"author":2013,"featured_media":43819,"comment_status":"open","ping_status":"closed","sticky":false,"template":"","format":"standard","meta":{"footnotes":""},"categories":[241,235],"tags":[],"class_list":{"0":"post-123217","1":"post","2":"type-post","3":"status-publish","4":"format-standard","5":"has-post-thumbnail","7":"category-aktualitet","8":"category-vendi"},"_links":{"self":[{"href":"https:\/\/zjarr.tv\/sq\/wp-json\/wp\/v2\/posts\/123217","targetHints":{"allow":["GET"]}}],"collection":[{"href":"https:\/\/zjarr.tv\/sq\/wp-json\/wp\/v2\/posts"}],"about":[{"href":"https:\/\/zjarr.tv\/sq\/wp-json\/wp\/v2\/types\/post"}],"author":[{"embeddable":true,"href":"https:\/\/zjarr.tv\/sq\/wp-json\/wp\/v2\/users\/2013"}],"replies":[{"embeddable":true,"href":"https:\/\/zjarr.tv\/sq\/wp-json\/wp\/v2\/comments?post=123217"}],"version-history":[{"count":0,"href":"https:\/\/zjarr.tv\/sq\/wp-json\/wp\/v2\/posts\/123217\/revisions"}],"wp:featuredmedia":[{"embeddable":true,"href":"https:\/\/zjarr.tv\/sq\/wp-json\/wp\/v2\/media\/43819"}],"wp:attachment":[{"href":"https:\/\/zjarr.tv\/sq\/wp-json\/wp\/v2\/media?parent=123217"}],"wp:term":[{"taxonomy":"category","embeddable":true,"href":"https:\/\/zjarr.tv\/sq\/wp-json\/wp\/v2\/categories?post=123217"},{"taxonomy":"post_tag","embeddable":true,"href":"https:\/\/zjarr.tv\/sq\/wp-json\/wp\/v2\/tags?post=123217"}],"curies":[{"name":"wp","href":"https:\/\/api.w.org\/{rel}","templated":true}]}}