{"id":123232,"date":"2020-03-03T11:51:00","date_gmt":"2020-03-03T10:51:00","guid":{"rendered":"https:\/\/zjarr.tv\/?p=123232"},"modified":"2020-03-03T11:51:00","modified_gmt":"2020-03-03T10:51:00","slug":"meta-hodhem-hapin-e-pare-ne-permbushje-te-misionit-tone","status":"publish","type":"post","link":"https:\/\/zjarr.tv\/sq\/meta-hodhem-hapin-e-pare-ne-permbushje-te-misionit-tone\/","title":{"rendered":"Meta: Hodh\u00ebm hapin e par\u00eb n\u00eb p\u00ebrmbushje t\u00eb misionit ton\u00eb"},"content":{"rendered":"<p>Nj\u00eb dit\u00eb pas protest\u00ebs, Presidenti Ilir Meta ka reaguar n\u00eb Facebook, duke th\u00ebn\u00eb se u hodh hapi i par\u00eb n\u00eb p\u00ebrmbushjen e misionit p\u00ebr rivendosjen e sovranitetit t\u00eb plot\u00eb t\u00eb popullit shqiptar ndaj t\u00eb gjitha institucioneve.<\/p>\n<p><em>&#8220;Nj\u00eb falenderim t\u00eb p\u00ebrzem\u00ebrt t\u00eb gjith\u00eb motrave dhe v\u00ebllez\u00ebrve shqiptar\u00eb, t\u00eb cil\u00ebt iu p\u00ebrgjigjen thirrjes s\u00eb Presidentit t\u00eb Republik\u00ebs n\u00eb mbrojtje t\u00eb Kushtetut\u00ebs dhe kund\u00ebr grushtit t\u00eb shtetit q\u00eb synon rr\u00ebmbimin mafioz t\u00eb Gjykat\u00ebs Kushtetuese. Dje hodh\u00ebm hapin e par\u00eb n\u00eb p\u00ebrmbushjen e misionit ton\u00eb p\u00ebr rivendosjen e sovranitetit t\u00eb plot\u00eb t\u00eb popullit shqiptar ndaj t\u00eb gjitha institucioneve&#8221;,<\/em>\u00a0shkruan Meta n\u00eb Facebook.<\/p>\n<p>N\u00eb fjalimin e tij n\u00eb protest\u00eb, kreu i shtetit Ilir Meta tha se n\u00ebse nuk zbatohet dekreti p\u00ebr &#8220;betimin e gjyqtareve&#8221;, pas 15 marsit do t\u00eb shp\u00ebrndaj\u00eb parlamentin.<\/p>\n","protected":false},"excerpt":{"rendered":"<p>Nj\u00eb dit\u00eb pas protest\u00ebs, Presidenti Ilir Meta ka reaguar n\u00eb Facebook, duke th\u00ebn\u00eb se u hodh hapi i par\u00eb n\u00eb p\u00ebrmbushjen e misionit p\u00ebr rivendosjen e sovranitetit t\u00eb plot\u00eb t\u00eb popullit shqiptar ndaj t\u00eb gjitha institucioneve. &#8220;Nj\u00eb falenderim t\u00eb p\u00ebrzem\u00ebrt t\u00eb gjith\u00eb motrave dhe v\u00ebllez\u00ebrve shqiptar\u00eb, t\u00eb cil\u00ebt iu p\u00ebrgjigjen thirrjes s\u00eb Presidentit t\u00eb Republik\u00ebs [&hellip;]<\/p>\n","protected":false},"author":2013,"featured_media":123233,"comment_status":"open","ping_status":"closed","sticky":false,"template":"","format":"standard","meta":{"footnotes":""},"categories":[241,235],"tags":[],"class_list":{"0":"post-123232","1":"post","2":"type-post","3":"status-publish","4":"format-standard","5":"has-post-thumbnail","7":"category-aktualitet","8":"category-vendi"},"_links":{"self":[{"href":"https:\/\/zjarr.tv\/sq\/wp-json\/wp\/v2\/posts\/123232","targetHints":{"allow":["GET"]}}],"collection":[{"href":"https:\/\/zjarr.tv\/sq\/wp-json\/wp\/v2\/posts"}],"about":[{"href":"https:\/\/zjarr.tv\/sq\/wp-json\/wp\/v2\/types\/post"}],"author":[{"embeddable":true,"href":"https:\/\/zjarr.tv\/sq\/wp-json\/wp\/v2\/users\/2013"}],"replies":[{"embeddable":true,"href":"https:\/\/zjarr.tv\/sq\/wp-json\/wp\/v2\/comments?post=123232"}],"version-history":[{"count":0,"href":"https:\/\/zjarr.tv\/sq\/wp-json\/wp\/v2\/posts\/123232\/revisions"}],"wp:featuredmedia":[{"embeddable":true,"href":"https:\/\/zjarr.tv\/sq\/wp-json\/wp\/v2\/media\/123233"}],"wp:attachment":[{"href":"https:\/\/zjarr.tv\/sq\/wp-json\/wp\/v2\/media?parent=123232"}],"wp:term":[{"taxonomy":"category","embeddable":true,"href":"https:\/\/zjarr.tv\/sq\/wp-json\/wp\/v2\/categories?post=123232"},{"taxonomy":"post_tag","embeddable":true,"href":"https:\/\/zjarr.tv\/sq\/wp-json\/wp\/v2\/tags?post=123232"}],"curies":[{"name":"wp","href":"https:\/\/api.w.org\/{rel}","templated":true}]}}