{"id":123240,"date":"2020-03-03T11:57:01","date_gmt":"2020-03-03T10:57:01","guid":{"rendered":"https:\/\/zjarr.tv\/?p=123240"},"modified":"2020-03-03T11:57:01","modified_gmt":"2020-03-03T10:57:01","slug":"gjendet-trupi-i-pajete-i-nje-25-vjecari-ne-korce","status":"publish","type":"post","link":"https:\/\/zjarr.tv\/sq\/gjendet-trupi-i-pajete-i-nje-25-vjecari-ne-korce\/","title":{"rendered":"Gjendet trupi i pajet\u00eb i nj\u00eb 25-vje\u00e7ari n\u00eb Kor\u00e7\u00eb"},"content":{"rendered":"<p>Gjendet nj\u00eb trup i pajet\u00eb n\u00eb qytetin e Kor\u00e7\u00ebs.<\/p>\n<p>Ngjarja e r\u00ebnd\u00eb ka ndodhur n\u00eb fshatin Desmir\u00eb.<\/p>\n<p>Viktima \u00ebsht\u00eb i mosh\u00ebs 25 vje\u00e7, i quajtur Edison Shembitraku.<\/p>\n<p>Dyshimet e para jan\u00eb se 25-vje\u00e7ari mund t\u00eb ket\u00eb vrar\u00eb veten.<\/p>\n<p><em>\u201cM\u00eb dat\u00eb 03.03.2020, rreth or\u00ebs 09:30, jemi njoftuar se n\u00eb fshatin Desmir\u00eb, Nj\u00ebsia Administrative Gor\u00eb, n\u00eb af\u00ebrsi t\u00eb banes\u00ebs s\u00eb tij, dyshohet se ka vrar\u00eb veten me arm\u00eb zjarri shtetasi E. Sh., 25 vje\u00e7\u201d njofton policia<\/em><\/p>\n<p>Nd\u00ebrkoh\u00eb, policia ndodhet n\u00eb vendngjarje po heton p\u00ebr zbardhjen e ngjarjes.<\/p>\n","protected":false},"excerpt":{"rendered":"<p>Gjendet nj\u00eb trup i pajet\u00eb n\u00eb qytetin e Kor\u00e7\u00ebs. Ngjarja e r\u00ebnd\u00eb ka ndodhur n\u00eb fshatin Desmir\u00eb. Viktima \u00ebsht\u00eb i mosh\u00ebs 25 vje\u00e7, i quajtur Edison Shembitraku. Dyshimet e para jan\u00eb se 25-vje\u00e7ari mund t\u00eb ket\u00eb vrar\u00eb veten. \u201cM\u00eb dat\u00eb 03.03.2020, rreth or\u00ebs 09:30, jemi njoftuar se n\u00eb fshatin Desmir\u00eb, Nj\u00ebsia Administrative Gor\u00eb, n\u00eb af\u00ebrsi [&hellip;]<\/p>\n","protected":false},"author":2013,"featured_media":123241,"comment_status":"open","ping_status":"closed","sticky":false,"template":"","format":"standard","meta":{"footnotes":""},"categories":[241,235],"tags":[],"class_list":{"0":"post-123240","1":"post","2":"type-post","3":"status-publish","4":"format-standard","5":"has-post-thumbnail","7":"category-aktualitet","8":"category-vendi"},"_links":{"self":[{"href":"https:\/\/zjarr.tv\/sq\/wp-json\/wp\/v2\/posts\/123240","targetHints":{"allow":["GET"]}}],"collection":[{"href":"https:\/\/zjarr.tv\/sq\/wp-json\/wp\/v2\/posts"}],"about":[{"href":"https:\/\/zjarr.tv\/sq\/wp-json\/wp\/v2\/types\/post"}],"author":[{"embeddable":true,"href":"https:\/\/zjarr.tv\/sq\/wp-json\/wp\/v2\/users\/2013"}],"replies":[{"embeddable":true,"href":"https:\/\/zjarr.tv\/sq\/wp-json\/wp\/v2\/comments?post=123240"}],"version-history":[{"count":0,"href":"https:\/\/zjarr.tv\/sq\/wp-json\/wp\/v2\/posts\/123240\/revisions"}],"wp:featuredmedia":[{"embeddable":true,"href":"https:\/\/zjarr.tv\/sq\/wp-json\/wp\/v2\/media\/123241"}],"wp:attachment":[{"href":"https:\/\/zjarr.tv\/sq\/wp-json\/wp\/v2\/media?parent=123240"}],"wp:term":[{"taxonomy":"category","embeddable":true,"href":"https:\/\/zjarr.tv\/sq\/wp-json\/wp\/v2\/categories?post=123240"},{"taxonomy":"post_tag","embeddable":true,"href":"https:\/\/zjarr.tv\/sq\/wp-json\/wp\/v2\/tags?post=123240"}],"curies":[{"name":"wp","href":"https:\/\/api.w.org\/{rel}","templated":true}]}}