{"id":123243,"date":"2020-03-03T11:58:06","date_gmt":"2020-03-03T10:58:06","guid":{"rendered":"https:\/\/zjarr.tv\/?p=123243"},"modified":"2020-03-03T11:58:06","modified_gmt":"2020-03-03T10:58:06","slug":"blushi-prisnim-qe-prokuroria-te-vepronte-ndaj-etilda-gjonajt-ajo-shfaqet-krenare-si-pjese-e-frontit-te-ramaformes","status":"publish","type":"post","link":"https:\/\/zjarr.tv\/sq\/blushi-prisnim-qe-prokuroria-te-vepronte-ndaj-etilda-gjonajt-ajo-shfaqet-krenare-si-pjese-e-frontit-te-ramaformes\/","title":{"rendered":"Blushi: Prisnim q\u00eb Prokuroria t\u00eb vepronte ndaj Etilda Gjonajt, ajo shfaqet krenare si pjes\u00eb e frontit t\u00eb Ramaform\u00ebs"},"content":{"rendered":"<p>Z\u00ebdh\u00ebn\u00ebsi i presidentit Meta, Tedi Blushi ka reaguar s\u00ebrish dit\u00ebn e sotme n\u00eb lidhje me tubimin e djesh\u00ebm n\u00eb bulevard.<\/p>\n<p>Blushi shkruan n\u00eb facebook se tallja me reform\u00ebn n\u00eb drejt\u00ebsi dhe ligjet anit-kushtetuese mblodh\u00ebn shqiptar\u00ebt.<\/p>\n<p>Sipas Blushit, pritet q\u00eb prokuroria t\u00eb vepronte ndaj ministres s\u00eb Drejt\u00ebsis\u00eb, por ajo ajo u shfaq krenare si pjes\u00eb e RamaReform\u00ebs.<\/p>\n<p><strong>Blushi:<\/strong><em>\u00a0Tallja me Reform\u00ebn n\u00eb Drejt\u00ebsi dhe b\u00ebrja e ligjeve pu\u00e7iste anti-kushtetuese pati merit\u00eb t\u00eb madhe p\u00ebr t\u00eb mbledhur kaq shum\u00eb shqiptar\u00eb kund\u00ebr grushtit t\u00eb shtetit, ku Ministrja e Drejt\u00ebsis\u00eb, si\u00e7 \u00ebsht\u00eb provuar nga shkresat zyrtare, akuzohet p\u00ebr 4 vepra penale.\u00a0<\/em><\/p>\n<p><em>Nd\u00ebrsa t\u00eb gjith\u00eb prisnin q\u00eb Prokuroria t\u00eb vepronte ndaj saj, sot e shohin si pjes\u00eb t\u00eb frontit t\u00eb Ramaform\u00ebs n\u00eb konferenc\u00ebn e Prokuroris\u00eb duke qen\u00eb edhe krenare! Pand\u00ebshkueshm\u00ebria, Padrejt\u00ebsia dhe Pafytyr\u00ebsia kan\u00eb arritur majat! Her\u00ebn tjet\u00ebr do mblidhen shum\u00eb her\u00eb m\u00eb shum\u00eb se dje, shqiptar\u00eb t\u00eb ndersh\u00ebm dhe me dinjitet, q\u00eb s&#8217;mund t\u00eb pranojn\u00eb k\u00ebt\u00eb Kryemaskarad\u00eb! TURP! SHAME ON YOU!<\/em><\/p>\n","protected":false},"excerpt":{"rendered":"<p>Z\u00ebdh\u00ebn\u00ebsi i presidentit Meta, Tedi Blushi ka reaguar s\u00ebrish dit\u00ebn e sotme n\u00eb lidhje me tubimin e djesh\u00ebm n\u00eb bulevard. Blushi shkruan n\u00eb facebook se tallja me reform\u00ebn n\u00eb drejt\u00ebsi dhe ligjet anit-kushtetuese mblodh\u00ebn shqiptar\u00ebt. Sipas Blushit, pritet q\u00eb prokuroria t\u00eb vepronte ndaj ministres s\u00eb Drejt\u00ebsis\u00eb, por ajo ajo u shfaq krenare si pjes\u00eb e [&hellip;]<\/p>\n","protected":false},"author":2013,"featured_media":115564,"comment_status":"open","ping_status":"closed","sticky":false,"template":"","format":"standard","meta":{"footnotes":""},"categories":[241,235],"tags":[],"class_list":{"0":"post-123243","1":"post","2":"type-post","3":"status-publish","4":"format-standard","5":"has-post-thumbnail","7":"category-aktualitet","8":"category-vendi"},"_links":{"self":[{"href":"https:\/\/zjarr.tv\/sq\/wp-json\/wp\/v2\/posts\/123243","targetHints":{"allow":["GET"]}}],"collection":[{"href":"https:\/\/zjarr.tv\/sq\/wp-json\/wp\/v2\/posts"}],"about":[{"href":"https:\/\/zjarr.tv\/sq\/wp-json\/wp\/v2\/types\/post"}],"author":[{"embeddable":true,"href":"https:\/\/zjarr.tv\/sq\/wp-json\/wp\/v2\/users\/2013"}],"replies":[{"embeddable":true,"href":"https:\/\/zjarr.tv\/sq\/wp-json\/wp\/v2\/comments?post=123243"}],"version-history":[{"count":0,"href":"https:\/\/zjarr.tv\/sq\/wp-json\/wp\/v2\/posts\/123243\/revisions"}],"wp:featuredmedia":[{"embeddable":true,"href":"https:\/\/zjarr.tv\/sq\/wp-json\/wp\/v2\/media\/115564"}],"wp:attachment":[{"href":"https:\/\/zjarr.tv\/sq\/wp-json\/wp\/v2\/media?parent=123243"}],"wp:term":[{"taxonomy":"category","embeddable":true,"href":"https:\/\/zjarr.tv\/sq\/wp-json\/wp\/v2\/categories?post=123243"},{"taxonomy":"post_tag","embeddable":true,"href":"https:\/\/zjarr.tv\/sq\/wp-json\/wp\/v2\/tags?post=123243"}],"curies":[{"name":"wp","href":"https:\/\/api.w.org\/{rel}","templated":true}]}}