{"id":123251,"date":"2020-03-03T12:02:48","date_gmt":"2020-03-03T11:02:48","guid":{"rendered":"https:\/\/zjarr.tv\/?p=123251"},"modified":"2020-03-03T12:02:48","modified_gmt":"2020-03-03T11:02:48","slug":"gjonaj-sfida-jone-e-perbashket-te-bashkerendojme-veprimet-per-rezultate-te-prekshme","status":"publish","type":"post","link":"https:\/\/zjarr.tv\/sq\/gjonaj-sfida-jone-e-perbashket-te-bashkerendojme-veprimet-per-rezultate-te-prekshme\/","title":{"rendered":"Gjonaj: Sfida jon\u00eb e p\u00ebrbashk\u00ebt, t\u00eb bashk\u00ebrendojm\u00eb veprimet p\u00ebr rezultate t\u00eb prekshme"},"content":{"rendered":"<p>E pranishme n\u00eb konferenc\u00ebn \u201cSfidat e Prokuroris\u00eb s\u00eb P\u00ebrgjithshme n\u00eb Drit\u00ebn e Reform\u00ebs n\u00eb Drejt\u00ebsi\u201d, Ministrja Etilda Gjonaj, vuri theksin n\u00eb bashk\u00ebpunimin e institucioneve t\u00eb drejt\u00ebsis\u00eb n\u00eb funksion t\u00eb integrimit europian.<\/p>\n<p>\u201cM\u00eb vjen mir\u00eb q\u00eb koncidon me nj\u00eb lajm pozitiv t\u00eb Komisionit Europian p\u00ebr Shqip\u00ebrin\u00eb, duke n\u00ebnvizuar rezultatet e reform\u00ebs n\u00eb drejt\u00ebsi. Si ministre d\u00ebshiroj t\u00eb n\u00ebnvizoj rolin thelb\u00ebsor t\u00eb saj. Integrimi europian \u00ebsht\u00eb nj\u00eb aspirat\u00eb e shqiptar\u00ebve, nj\u00eb \u00ebnd\u00ebrr e pap\u00ebrmbushur. \u00cbsht\u00eb detyr\u00eb e gjith\u00eb institucioneve t\u00eb drejt\u00ebsis\u00eb. \u00cbsht\u00eb sfida jon\u00eb e p\u00ebrbashk\u00ebt p\u00ebr t\u00eb bashk\u00ebrenduar veprimet tona, p\u00ebr t\u00eb siguruar rezultate t\u00eb prekshme. Reforma n\u00eb drejt\u00ebsi ka sjell\u00eb nj\u00eb kontribut n\u00eb reformimin e drejt\u00ebsis\u00eb penale. Ndryshimet ligjore i dhan\u00eb rol t\u00eb ri prokuroris\u00eb duke garantuar pavar\u00ebsi t\u00eb plot\u00eb n\u00eb hetim. Forcimi i pavar\u00ebsis\u00eb duhet t\u00eb shoq\u00ebrohet edhe me konsolidimin e mekanizmave institucional\u00eb q\u00eb nd\u00ebshkojn\u00eb cdo lloj fryme t\u00eb korrupsionit.<\/p>\n<p>Reforma n\u00eb drejt\u00ebsi nuk \u00ebsht\u00eb thjesht ndryshim ligjesh, por ndryshim i qasjes s\u00eb prokuror\u00ebve dhe gjyqtar\u00ebve. Vettingu \u00ebsht\u00eb nj\u00eb proces i v\u00ebshtir\u00eb, por jetik p\u00ebr besueshm\u00ebrin\u00eb e qytetar\u00ebve. Nj\u00eb num\u00ebr i lart\u00eb i prokuror\u00ebve e kan\u00eb kaluar k\u00ebt\u00eb test, dhe ky \u00ebsht\u00eb tregues pozitiv p\u00ebr ju. Integriteti \u00ebsht\u00eb faktor kyc p\u00ebr besimin te reforma n\u00eb drejt\u00ebsi.<\/p>\n<p>Vler\u00ebsoj rolin e grave n\u00eb radh\u00ebt e prokuroris\u00eb. B\u00ebjn\u00eb nj\u00eb pun\u00eb shum\u00eb t\u00eb v\u00ebshtir\u00eb, duke u p\u00ebrballur edhe me mentalitetin. Mbetem avokate e fort\u00eb e promovimit t\u00eb tyre brenda sistemit. Me parashikimet e reja ligjore \u00ebsht\u00eb e nevojshme t\u00eb atashohen prokuror\u00eb m\u00eb eksperienc\u00eb.\u201d u shpreh Gjonaj.<\/p>\n","protected":false},"excerpt":{"rendered":"<p>E pranishme n\u00eb konferenc\u00ebn \u201cSfidat e Prokuroris\u00eb s\u00eb P\u00ebrgjithshme n\u00eb Drit\u00ebn e Reform\u00ebs n\u00eb Drejt\u00ebsi\u201d, Ministrja Etilda Gjonaj, vuri theksin n\u00eb bashk\u00ebpunimin e institucioneve t\u00eb drejt\u00ebsis\u00eb n\u00eb funksion t\u00eb integrimit europian. \u201cM\u00eb vjen mir\u00eb q\u00eb koncidon me nj\u00eb lajm pozitiv t\u00eb Komisionit Europian p\u00ebr Shqip\u00ebrin\u00eb, duke n\u00ebnvizuar rezultatet e reform\u00ebs n\u00eb drejt\u00ebsi. Si ministre d\u00ebshiroj [&hellip;]<\/p>\n","protected":false},"author":2013,"featured_media":123252,"comment_status":"open","ping_status":"closed","sticky":false,"template":"","format":"standard","meta":{"footnotes":""},"categories":[241,235],"tags":[],"class_list":{"0":"post-123251","1":"post","2":"type-post","3":"status-publish","4":"format-standard","5":"has-post-thumbnail","7":"category-aktualitet","8":"category-vendi"},"_links":{"self":[{"href":"https:\/\/zjarr.tv\/sq\/wp-json\/wp\/v2\/posts\/123251","targetHints":{"allow":["GET"]}}],"collection":[{"href":"https:\/\/zjarr.tv\/sq\/wp-json\/wp\/v2\/posts"}],"about":[{"href":"https:\/\/zjarr.tv\/sq\/wp-json\/wp\/v2\/types\/post"}],"author":[{"embeddable":true,"href":"https:\/\/zjarr.tv\/sq\/wp-json\/wp\/v2\/users\/2013"}],"replies":[{"embeddable":true,"href":"https:\/\/zjarr.tv\/sq\/wp-json\/wp\/v2\/comments?post=123251"}],"version-history":[{"count":0,"href":"https:\/\/zjarr.tv\/sq\/wp-json\/wp\/v2\/posts\/123251\/revisions"}],"wp:featuredmedia":[{"embeddable":true,"href":"https:\/\/zjarr.tv\/sq\/wp-json\/wp\/v2\/media\/123252"}],"wp:attachment":[{"href":"https:\/\/zjarr.tv\/sq\/wp-json\/wp\/v2\/media?parent=123251"}],"wp:term":[{"taxonomy":"category","embeddable":true,"href":"https:\/\/zjarr.tv\/sq\/wp-json\/wp\/v2\/categories?post=123251"},{"taxonomy":"post_tag","embeddable":true,"href":"https:\/\/zjarr.tv\/sq\/wp-json\/wp\/v2\/tags?post=123251"}],"curies":[{"name":"wp","href":"https:\/\/api.w.org\/{rel}","templated":true}]}}