{"id":123254,"date":"2020-03-03T12:04:02","date_gmt":"2020-03-03T11:04:02","guid":{"rendered":"https:\/\/zjarr.tv\/?p=123254"},"modified":"2020-03-03T12:04:02","modified_gmt":"2020-03-03T11:04:02","slug":"ylli-manjani-nuk-zgjidhet-kriza-me-nje-dekret-ja-cduhet-bere","status":"publish","type":"post","link":"https:\/\/zjarr.tv\/sq\/ylli-manjani-nuk-zgjidhet-kriza-me-nje-dekret-ja-cduhet-bere\/","title":{"rendered":"Ylli Manjani: Nuk zgjidhet kriza me nj\u00eb dekret, ja \u00e7\u2019duhet b\u00ebr\u00eb"},"content":{"rendered":"<p>sh-ministri i Drejt\u00ebsis\u00eb, Ylli Manjani, ka reaguar lidhur me manifestimin e mbajtur dje nga Presidenti Ilir Meta, i cili paralajm\u00ebroi se pas 15 marsit do t\u00eb shp\u00ebrndaj\u00eb Parlamentin n\u00ebse nuk ka reflektim ndaj atij q\u00eb e quan \u201cgrusht shteti\u201d.<\/p>\n<p>Manjani shprehet se tubimi i djesh\u00ebm s\u2019mund t\u00eb mbaroj\u00eb me nj\u00eb dekret q\u00eb cilin nuk e zbaton as fletorja zyrtare, por k\u00ebrkohet mendim i pjekur.<\/p>\n<p>\u201cQ\u00eb politika t\u00eb filloj\u00eb t\u00eb funksionoj\u00eb, duhet si fillim dialogu, n\u00eb vijim rivendosja e pluralizmit politik n\u00eb p\u00ebrfaq\u00ebsim, pra duhen lejuar zgjedhjet e lira e t\u00eb ndershme. Pa parlament pluralist nuk ka as institucione t\u00eb besueshme e as garanci q\u00eb sundon Kushtetuta\u201d, shkruan Manjani.<\/p>\n<p><strong>Postimi i plot\u00eb<\/strong><\/p>\n<p>Tubimi i djesh\u00ebm nuk mund t\u00eb mbaroj\u00eb me nj\u00eb dekret. As me nj\u00eb premtim p\u00ebr nj\u00eb dekret tjet\u00ebr, t\u00eb cilin nuk e zbaton as fletorja zyrtare.<\/p>\n<p>Nuk mbaron as me fjal\u00eb, sepse fjal\u00ebt nuk kan\u00eb m\u00eb asnj\u00eb kuptim.<\/p>\n<p>Ai tubim k\u00ebrkon mendim t\u00eb pjekur se si do t\u00eb vendoset sundimi i Kushtetut\u00ebs dhe ligjit n\u00eb vend.<\/p>\n<p>Tubimi tregoi se sa nevoj\u00eb ul\u00ebrit\u00ebse kan\u00eb njer\u00ebzit p\u00ebr l\u00ebvizje politike p\u00ebrbashkuese. P\u00ebrball\u00eb \u00ebsht\u00eb vet\u00ebm nj\u00eb individ q\u00eb b\u00ebn si cub dhe, q\u00eb ua shpifi njer\u00ebzve me ato q\u00eb b\u00ebn e flet.<\/p>\n<p>N\u00ebse ai tubim nuk pasohet nga l\u00ebvizje politike t\u00eb mirfillta, sipas nj\u00eb plani t\u00eb mirkoordinuar dhe q\u00eb bashkon politik\u00ebn dhe shqiptar\u00ebt, nuk kemi q\u00eb n\u00eb terezi.<\/p>\n<p>\u00cbsht\u00eb e qart\u00eb, tashm\u00eb edhe analist\u00ebt e qeveris\u00eb e pranojn\u00eb, q\u00eb Kushtetuta \u00ebsht\u00eb shkelur e p\u00ebrdhosur.<\/p>\n<p>Detyra e politik\u00ebs \u00ebsht\u00eb q\u00eb t\u00eb rikthej\u00eb normalitetin kushtetues. Populli n\u00eb rrug\u00eb nuk kthen normalitet. Maksimumi b\u00ebn revolucion. \u00cbsht\u00eb politika q\u00eb duhet ta b\u00ebj\u00eb.<\/p>\n<p>Q\u00eb politika t\u00eb filloj\u00eb t\u00eb funksionoj\u00eb, duhet si fillim dialogu, n\u00eb vijim rivendosja e pluralizmit politik n\u00eb p\u00ebrfaq\u00ebsim, pra duhen lejuar zgjedhjet e lira e t\u00eb ndershme.<\/p>\n<p>Pa parlament pluralist nuk ka as institucione t\u00eb besueshme e as garanci q\u00eb sundon Kushtetuta.<\/p>\n<p>Sigurisht, ka shuuuuum\u00eb gj\u00ebra t\u00eb tjera p\u00ebr t\u2019u b\u00ebr\u00eb, por k\u00ebto jan\u00eb vet\u00ebm fillimi i zgjidhjes s\u00eb problemit.<\/p>\n<p>Pa dyshim \u00ebsht\u00eb edhe opsioni q\u00eb populli b\u00ebn revolucion, por personalisht nuk e uroj! Askush ska pa haj\u00ebr nga l\u00ebvizjet revolucionare. Maksimumi q\u00eb b\u00ebjn\u00eb revolucionet \u00ebsht\u00eb:heqin nj\u00eb rregjim dhe sjellin nj\u00eb tjet\u00ebr t\u00eb ngjash\u00ebm ose m\u00eb t\u00eb eg\u00ebr se ai q\u00eb hiqet.<\/p>\n<p>Prandaj \u00ebsht\u00eb koha p\u00ebr POLITIK\u00cb, ky kryefjala \u00ebsht\u00eb DIALOGU dhe ZGJEDHJET.<\/p>\n","protected":false},"excerpt":{"rendered":"<p>sh-ministri i Drejt\u00ebsis\u00eb, Ylli Manjani, ka reaguar lidhur me manifestimin e mbajtur dje nga Presidenti Ilir Meta, i cili paralajm\u00ebroi se pas 15 marsit do t\u00eb shp\u00ebrndaj\u00eb Parlamentin n\u00ebse nuk ka reflektim ndaj atij q\u00eb e quan \u201cgrusht shteti\u201d. Manjani shprehet se tubimi i djesh\u00ebm s\u2019mund t\u00eb mbaroj\u00eb me nj\u00eb dekret q\u00eb cilin nuk e [&hellip;]<\/p>\n","protected":false},"author":2013,"featured_media":61435,"comment_status":"open","ping_status":"closed","sticky":false,"template":"","format":"standard","meta":{"footnotes":""},"categories":[241,235],"tags":[],"class_list":{"0":"post-123254","1":"post","2":"type-post","3":"status-publish","4":"format-standard","5":"has-post-thumbnail","7":"category-aktualitet","8":"category-vendi"},"_links":{"self":[{"href":"https:\/\/zjarr.tv\/sq\/wp-json\/wp\/v2\/posts\/123254","targetHints":{"allow":["GET"]}}],"collection":[{"href":"https:\/\/zjarr.tv\/sq\/wp-json\/wp\/v2\/posts"}],"about":[{"href":"https:\/\/zjarr.tv\/sq\/wp-json\/wp\/v2\/types\/post"}],"author":[{"embeddable":true,"href":"https:\/\/zjarr.tv\/sq\/wp-json\/wp\/v2\/users\/2013"}],"replies":[{"embeddable":true,"href":"https:\/\/zjarr.tv\/sq\/wp-json\/wp\/v2\/comments?post=123254"}],"version-history":[{"count":0,"href":"https:\/\/zjarr.tv\/sq\/wp-json\/wp\/v2\/posts\/123254\/revisions"}],"wp:featuredmedia":[{"embeddable":true,"href":"https:\/\/zjarr.tv\/sq\/wp-json\/wp\/v2\/media\/61435"}],"wp:attachment":[{"href":"https:\/\/zjarr.tv\/sq\/wp-json\/wp\/v2\/media?parent=123254"}],"wp:term":[{"taxonomy":"category","embeddable":true,"href":"https:\/\/zjarr.tv\/sq\/wp-json\/wp\/v2\/categories?post=123254"},{"taxonomy":"post_tag","embeddable":true,"href":"https:\/\/zjarr.tv\/sq\/wp-json\/wp\/v2\/tags?post=123254"}],"curies":[{"name":"wp","href":"https:\/\/api.w.org\/{rel}","templated":true}]}}