{"id":123256,"date":"2020-03-03T12:06:01","date_gmt":"2020-03-03T11:06:01","guid":{"rendered":"https:\/\/zjarr.tv\/?p=123256"},"modified":"2020-03-03T12:06:01","modified_gmt":"2020-03-03T11:06:01","slug":"berisha-publikon-fotoalbumin-populli-i-vendosur-te-mbroje-kushtetuten-dhe-te-permbyse-narkoshtetin-dhe-pucin-e-tij","status":"publish","type":"post","link":"https:\/\/zjarr.tv\/sq\/berisha-publikon-fotoalbumin-populli-i-vendosur-te-mbroje-kushtetuten-dhe-te-permbyse-narkoshtetin-dhe-pucin-e-tij\/","title":{"rendered":"Berisha publikon fotoalbumin: Populli i vendosur t\u00eb mbroj\u00eb kushtetut\u00ebn dhe t\u00eb p\u00ebrmbys\u00eb narkoshtetin dhe pu\u00e7in e tij"},"content":{"rendered":"<p>Ish-kryeministri Berisha ka reaguar p\u00ebrmes nj\u00eb statusi n\u00eb facebook lidhur me manifestimin e nj\u00eb dit\u00eb m\u00eb par\u00eb, t\u00eb thirru nga Presidenti i Republik\u00ebs. Nd\u00ebrsa ndan fotoalbumin e manifestimin, Berisha shkruan se populli \u00ebsht\u00eb i vendosur t\u00eb mbroj\u00eb kushtetut\u00ebn dhe t\u00eb p\u00ebrmbys\u00eb narkoshtetin<\/p>\n<p>\u201cPopulli i vendosur te mbroj kushtetut\u00ebn dhe t\u00eb p\u00ebrmbys\u00eb narkoshtetin dhe pu\u00e7in e tij!\u00a0Nderim t\u00eb madh 500.000 qytetar\u00ebve q\u00eb i dol\u00ebn zot kushtetut\u00ebs n\u00eb Tiran\u00eb dhe i fut\u00ebn tmerrin n\u00eb shpirt dhe lepurin n\u00eb bark narkoshtetit dhe kreut t\u00eb tij pu\u00e7istit Edvin Mafis\u00eb. Rama ik! Fitore!\u201d- shkruan Berisha.<\/p>\n<p><iframe loading=\"lazy\" src=\"https:\/\/www.facebook.com\/plugins\/post.php?href=https%3A%2F%2Fwww.facebook.com%2FSaliBerisha%2Fposts%2F1532582063569362&amp;width=500\" width=\"500\" height=\"732\" frameborder=\"0\" scrolling=\"no\" data-mce-fragment=\"1\"><\/iframe><\/p>\n","protected":false},"excerpt":{"rendered":"<p>Ish-kryeministri Berisha ka reaguar p\u00ebrmes nj\u00eb statusi n\u00eb facebook lidhur me manifestimin e nj\u00eb dit\u00eb m\u00eb par\u00eb, t\u00eb thirru nga Presidenti i Republik\u00ebs. Nd\u00ebrsa ndan fotoalbumin e manifestimin, Berisha shkruan se populli \u00ebsht\u00eb i vendosur t\u00eb mbroj\u00eb kushtetut\u00ebn dhe t\u00eb p\u00ebrmbys\u00eb narkoshtetin \u201cPopulli i vendosur te mbroj kushtetut\u00ebn dhe t\u00eb p\u00ebrmbys\u00eb narkoshtetin dhe pu\u00e7in e [&hellip;]<\/p>\n","protected":false},"author":2013,"featured_media":123257,"comment_status":"open","ping_status":"closed","sticky":false,"template":"","format":"standard","meta":{"footnotes":""},"categories":[241,235],"tags":[],"class_list":{"0":"post-123256","1":"post","2":"type-post","3":"status-publish","4":"format-standard","5":"has-post-thumbnail","7":"category-aktualitet","8":"category-vendi"},"_links":{"self":[{"href":"https:\/\/zjarr.tv\/sq\/wp-json\/wp\/v2\/posts\/123256","targetHints":{"allow":["GET"]}}],"collection":[{"href":"https:\/\/zjarr.tv\/sq\/wp-json\/wp\/v2\/posts"}],"about":[{"href":"https:\/\/zjarr.tv\/sq\/wp-json\/wp\/v2\/types\/post"}],"author":[{"embeddable":true,"href":"https:\/\/zjarr.tv\/sq\/wp-json\/wp\/v2\/users\/2013"}],"replies":[{"embeddable":true,"href":"https:\/\/zjarr.tv\/sq\/wp-json\/wp\/v2\/comments?post=123256"}],"version-history":[{"count":0,"href":"https:\/\/zjarr.tv\/sq\/wp-json\/wp\/v2\/posts\/123256\/revisions"}],"wp:featuredmedia":[{"embeddable":true,"href":"https:\/\/zjarr.tv\/sq\/wp-json\/wp\/v2\/media\/123257"}],"wp:attachment":[{"href":"https:\/\/zjarr.tv\/sq\/wp-json\/wp\/v2\/media?parent=123256"}],"wp:term":[{"taxonomy":"category","embeddable":true,"href":"https:\/\/zjarr.tv\/sq\/wp-json\/wp\/v2\/categories?post=123256"},{"taxonomy":"post_tag","embeddable":true,"href":"https:\/\/zjarr.tv\/sq\/wp-json\/wp\/v2\/tags?post=123256"}],"curies":[{"name":"wp","href":"https:\/\/api.w.org\/{rel}","templated":true}]}}