{"id":123259,"date":"2020-03-03T12:42:35","date_gmt":"2020-03-03T11:42:35","guid":{"rendered":"https:\/\/zjarr.tv\/?p=123259"},"modified":"2020-03-03T12:42:35","modified_gmt":"2020-03-03T11:42:35","slug":"tomini-nuk-kemi-asnje-person-ne-karantine-1649-telefonata-ne-127-ne-24-oret-e-fundit-39-me-probleme-respiratore","status":"publish","type":"post","link":"https:\/\/zjarr.tv\/sq\/tomini-nuk-kemi-asnje-person-ne-karantine-1649-telefonata-ne-127-ne-24-oret-e-fundit-39-me-probleme-respiratore\/","title":{"rendered":"Tomini: Nuk kemi asnj\u00eb person n\u00eb karantin\u00eb, 1649 telefonata n\u00eb 127 n\u00eb 24 or\u00ebt e fundit, 39 me probleme respiratore"},"content":{"rendered":"<p>Nuk ka asnj\u00eb person n\u00eb karantin\u00eb nga coronavirusi. Deklarata vjen nga p\u00ebrfaq\u00ebsuesja e Task-Forc\u00ebs s\u00eb ngritur nga Ministria e Sh\u00ebndet\u00ebsis\u00eb p\u00ebr COVID-19.<br \/>\nTomini tha se vazhdon survejanca e p\u00ebrforcuar n\u00eb t\u00eb gjitha Pikat Kufitare me monitorimin e temperaturave. Jan\u00eb 1649 telefonat n\u00eb 127, 39 vet\u00ebm kan\u00eb lidhje me probleme respirator\u00eb dhe udh\u00ebtime n\u00eb Itali.<\/p>\n<p>\u201cP\u00ebr \u00e7do person t\u00eb testuar jemi afruar me p\u00ebrkufizimin e rastit me shenjat klinike. Personat e p\u00ebrjashtuar dalin nga karantina. Vler\u00ebsohen udh\u00ebtar\u00ebt q\u00eb vijn\u00eb nga vendet e prekura p\u00ebr t\u2019u futur vet\u00eb n\u00eb karantin\u00eb ose izoluar n\u00ebse kan\u00eb shenja.<br \/>\n\u201cKarantina \u00ebsht\u00eb p\u00ebr personat e kontaktit me personat me COVID-19. Karantina nuk mban asnj\u00eb person sepse nuk kemi asnj\u00eb rast. Stafi \u00ebsht\u00eb i trajnuar dhe t\u00eb gjith\u00eb elementet q\u00eb parashikon protokolli\u201d, tha Tomini.<\/p>\n<p>Ajo deklaroi se 5 rastet e reja t\u00eb testuara n\u00eb laboratorin e virologjis\u00eb n\u00eb Institutin e Sh\u00ebndetit Publik, rezultuan negative.<br \/>\n\u201cGjat\u00eb dit\u00ebs s\u00eb djeshme jan\u00eb testuar 5 raste t\u00eb reja n\u00eb Laboratorin e Virologjis\u00eb pran\u00eb ISHP nga ku n\u00eb total numri i rasteve t\u00eb testuara ka shkuar n\u00eb 36. T\u00eb gjitha rastet kan\u00eb rezultuar negative p\u00ebr COVID 19. Rastet kan\u00eb pasur shenja t\u00eb infeksionit respirator dhe histori udh\u00ebtimi me vendet ku ka shp\u00ebrthim epidemik dhe komunitar t\u00eb koronavirusit te ri\u201d, tha Tomini. Sipas saj, n\u00eb 24 or\u00ebt e fundit n\u00eb total kan\u00eb hyr\u00eb 17830 udh\u00ebtar\u00eb dhe n\u00eb vijim\u00ebsi po kryhet survjeanca e p\u00ebrforcuar n\u00eb pikat kufitare ajrore detare dhe tok\u00ebsore duke kryer monitorimin e temperatur\u00ebs p\u00ebr t\u00eb gjith\u00eb udh\u00ebtar\u00ebt q\u00eb hyjn\u00eb n\u00eb Republik\u00ebn e Shqip\u00ebris\u00eb.<\/p>\n<p>\u201cN\u00eb 24 or\u00ebt e fundit thirrjet kundrejt numrit 127 ka arritur nivelin e 1649 telefonatave nga t\u00eb cilat 39 prej tyre jan\u00eb vler\u00ebsuar n\u00eb lidhje me infeksion viral respirator dhe histori udh\u00ebtimi me Italin\u00eb.<br \/>\nMinistria e Sh\u00ebndet\u00ebsis\u00eb dhe Mbrojtjes Sociale rekomandon udh\u00ebtar\u00ebt q\u00eb vijn\u00eb nga rajonet e prekura me shp\u00ebrthime komunitare dhe q\u00eb kan\u00eb patur kontakte me persona t\u00eb s\u00ebmur\u00eb apo t\u00eb dyshuar p\u00ebr COVID-19, t\u00eb vet\u00ebkarantinohen p\u00ebr nj\u00eb periudh\u00eb 14 ditore.<br \/>\nMSHMS rekomandon qytetar\u00ebt q\u00eb kane udh\u00ebtuar n\u00eb vendet e prekura dhe kan\u00eb shenjat e infeksionit viral t\u00eb telefonojn\u00eb 127 p\u00ebr t\u00eb marr\u00eb udh\u00ebzimet e duhura se si t\u00eb veprojn\u00eb mb\u00ebshtetur n\u00eb gjendjen e tyre sh\u00ebndet\u00ebsore\u201d, deklaroi Tomini.<\/p>\n","protected":false},"excerpt":{"rendered":"<p>Nuk ka asnj\u00eb person n\u00eb karantin\u00eb nga coronavirusi. Deklarata vjen nga p\u00ebrfaq\u00ebsuesja e Task-Forc\u00ebs s\u00eb ngritur nga Ministria e Sh\u00ebndet\u00ebsis\u00eb p\u00ebr COVID-19. Tomini tha se vazhdon survejanca e p\u00ebrforcuar n\u00eb t\u00eb gjitha Pikat Kufitare me monitorimin e temperaturave. Jan\u00eb 1649 telefonat n\u00eb 127, 39 vet\u00ebm kan\u00eb lidhje me probleme respirator\u00eb dhe udh\u00ebtime n\u00eb Itali. \u201cP\u00ebr [&hellip;]<\/p>\n","protected":false},"author":2013,"featured_media":122697,"comment_status":"open","ping_status":"closed","sticky":false,"template":"","format":"standard","meta":{"footnotes":""},"categories":[241,235],"tags":[],"class_list":{"0":"post-123259","1":"post","2":"type-post","3":"status-publish","4":"format-standard","5":"has-post-thumbnail","7":"category-aktualitet","8":"category-vendi"},"_links":{"self":[{"href":"https:\/\/zjarr.tv\/sq\/wp-json\/wp\/v2\/posts\/123259","targetHints":{"allow":["GET"]}}],"collection":[{"href":"https:\/\/zjarr.tv\/sq\/wp-json\/wp\/v2\/posts"}],"about":[{"href":"https:\/\/zjarr.tv\/sq\/wp-json\/wp\/v2\/types\/post"}],"author":[{"embeddable":true,"href":"https:\/\/zjarr.tv\/sq\/wp-json\/wp\/v2\/users\/2013"}],"replies":[{"embeddable":true,"href":"https:\/\/zjarr.tv\/sq\/wp-json\/wp\/v2\/comments?post=123259"}],"version-history":[{"count":0,"href":"https:\/\/zjarr.tv\/sq\/wp-json\/wp\/v2\/posts\/123259\/revisions"}],"wp:featuredmedia":[{"embeddable":true,"href":"https:\/\/zjarr.tv\/sq\/wp-json\/wp\/v2\/media\/122697"}],"wp:attachment":[{"href":"https:\/\/zjarr.tv\/sq\/wp-json\/wp\/v2\/media?parent=123259"}],"wp:term":[{"taxonomy":"category","embeddable":true,"href":"https:\/\/zjarr.tv\/sq\/wp-json\/wp\/v2\/categories?post=123259"},{"taxonomy":"post_tag","embeddable":true,"href":"https:\/\/zjarr.tv\/sq\/wp-json\/wp\/v2\/tags?post=123259"}],"curies":[{"name":"wp","href":"https:\/\/api.w.org\/{rel}","templated":true}]}}