{"id":123261,"date":"2020-03-03T12:44:40","date_gmt":"2020-03-03T11:44:40","guid":{"rendered":"https:\/\/zjarr.tv\/?p=123261"},"modified":"2020-03-03T12:44:40","modified_gmt":"2020-03-03T11:44:40","slug":"dekretin-per-betimin-e-gjyqtareve-e-firmosi-para-popullit-meta-rendit-arsyet-e-kthimit-per-rishqyrtim","status":"publish","type":"post","link":"https:\/\/zjarr.tv\/sq\/dekretin-per-betimin-e-gjyqtareve-e-firmosi-para-popullit-meta-rendit-arsyet-e-kthimit-per-rishqyrtim\/","title":{"rendered":"Dekretin p\u00ebr betimin e gjyqtar\u00ebve e firmosi para popullit, Meta rendit arsyet e kthimit p\u00ebr rishqyrtim"},"content":{"rendered":"<p>Nj\u00eb dit\u00eb pas e firmosi p\u00ebrpara popullit, Presidenti Ilir Meta ka publikuar dekretin e &#8220;Kthimit p\u00ebr rishqyrtim n\u00eb Kuvend t\u00eb ligjit p\u00ebr organizimin dhe funksionimin e Gjykat\u00ebs Kushtetuese&#8221;<\/p>\n<p>Sipas Presidentit k\u00ebto ndryshime shkelin n\u00eb m\u00ebnyr\u00eb t\u00eb drejtp\u00ebrdrejt\u00eb Kushtetut\u00ebn e Republik\u00ebs s\u00eb Shqip\u00ebris\u00eb, parimet themelore t\u00eb demokracis\u00eb dhe cenon n\u00eb m\u00ebnyre flagrante kompetencat e Presidentit t\u00eb Republik\u00ebs s\u00eb Shqip\u00ebris\u00eb t\u00eb cilat jan\u00eb t\u00eb sanksionuara qart\u00eb n\u00eb Kushtetut\u00eb.<\/p>\n<p>N\u00eb argumentet e kreut t\u00eb shtetit, thuhet se arsyetimi i p\u00ebrdorur n\u00eb mb\u00ebshtetje t\u00eb nism\u00ebs nga deputet\u00ebt e mazhoranc\u00ebs, nuk q\u00ebndron.<\/p>\n<p>Sipas Met\u00ebs p\u00ebrmes k\u00ebsaj nisme ligjore, mazhoranca synonte rr\u00ebmbimin e kompetencave t\u00eb Presidentit t\u00eb Republik\u00ebs, dhe kufizimit t\u00eb rolit t\u00eb Kreut t\u00eb Shtetit n\u00eb k\u00ebt\u00eb proces, p\u00ebr t\u00eb cilin kjo mazhoranc\u00eb tashm\u00eb kishte nisur edhe nj\u00eb proces hetimor parlamentar shtes\u00eb ndaj vet Presidentit t\u00eb Republik\u00ebs.<\/p>\n","protected":false},"excerpt":{"rendered":"<p>Nj\u00eb dit\u00eb pas e firmosi p\u00ebrpara popullit, Presidenti Ilir Meta ka publikuar dekretin e &#8220;Kthimit p\u00ebr rishqyrtim n\u00eb Kuvend t\u00eb ligjit p\u00ebr organizimin dhe funksionimin e Gjykat\u00ebs Kushtetuese&#8221; Sipas Presidentit k\u00ebto ndryshime shkelin n\u00eb m\u00ebnyr\u00eb t\u00eb drejtp\u00ebrdrejt\u00eb Kushtetut\u00ebn e Republik\u00ebs s\u00eb Shqip\u00ebris\u00eb, parimet themelore t\u00eb demokracis\u00eb dhe cenon n\u00eb m\u00ebnyre flagrante kompetencat e Presidentit t\u00eb [&hellip;]<\/p>\n","protected":false},"author":2013,"featured_media":123233,"comment_status":"open","ping_status":"closed","sticky":false,"template":"","format":"standard","meta":{"footnotes":""},"categories":[241,235],"tags":[],"class_list":{"0":"post-123261","1":"post","2":"type-post","3":"status-publish","4":"format-standard","5":"has-post-thumbnail","7":"category-aktualitet","8":"category-vendi"},"_links":{"self":[{"href":"https:\/\/zjarr.tv\/sq\/wp-json\/wp\/v2\/posts\/123261","targetHints":{"allow":["GET"]}}],"collection":[{"href":"https:\/\/zjarr.tv\/sq\/wp-json\/wp\/v2\/posts"}],"about":[{"href":"https:\/\/zjarr.tv\/sq\/wp-json\/wp\/v2\/types\/post"}],"author":[{"embeddable":true,"href":"https:\/\/zjarr.tv\/sq\/wp-json\/wp\/v2\/users\/2013"}],"replies":[{"embeddable":true,"href":"https:\/\/zjarr.tv\/sq\/wp-json\/wp\/v2\/comments?post=123261"}],"version-history":[{"count":0,"href":"https:\/\/zjarr.tv\/sq\/wp-json\/wp\/v2\/posts\/123261\/revisions"}],"wp:featuredmedia":[{"embeddable":true,"href":"https:\/\/zjarr.tv\/sq\/wp-json\/wp\/v2\/media\/123233"}],"wp:attachment":[{"href":"https:\/\/zjarr.tv\/sq\/wp-json\/wp\/v2\/media?parent=123261"}],"wp:term":[{"taxonomy":"category","embeddable":true,"href":"https:\/\/zjarr.tv\/sq\/wp-json\/wp\/v2\/categories?post=123261"},{"taxonomy":"post_tag","embeddable":true,"href":"https:\/\/zjarr.tv\/sq\/wp-json\/wp\/v2\/tags?post=123261"}],"curies":[{"name":"wp","href":"https:\/\/api.w.org\/{rel}","templated":true}]}}