{"id":123264,"date":"2020-03-03T13:16:13","date_gmt":"2020-03-03T12:16:13","guid":{"rendered":"https:\/\/zjarr.tv\/?p=123264"},"modified":"2020-03-03T13:16:13","modified_gmt":"2020-03-03T12:16:13","slug":"tryeza-e-reformes-zgjedhore-flet-hajdari-dy-partite-kryesore-kane-pushtetin-ne-duar","status":"publish","type":"post","link":"https:\/\/zjarr.tv\/sq\/tryeza-e-reformes-zgjedhore-flet-hajdari-dy-partite-kryesore-kane-pushtetin-ne-duar\/","title":{"rendered":"Tryeza e Reform\u00ebs Zgjedhore, flet Hajdari: Dy partit\u00eb kryesore kan\u00eb pushtetin n\u00eb duar"},"content":{"rendered":"<p>P\u00ebrfundon mbledhja e K\u00ebshillit Politik p\u00ebr reform\u00ebn Zgjedhore.<\/p>\n<p>Pas k\u00ebsaj tryeze ka folur p\u00ebr mediat deputetja Rudina Hajdari.<\/p>\n<p><strong>Hajdari:<\/strong><em>\u00a0Rama dakord p\u00ebr shtyrjen e mbledhjes p\u00ebr financimin e fushat\u00ebs zgjedhore. Partit\u00eb ta marrin seriozisht reform\u00ebn zgjedhore. P\u00ebr hapa konkret\u00eb nuk na duhet t\u00eb dalim n\u00eb sheshe. Dy partit\u00eb kryesore kan\u00eb pushtetin n\u00eb duar. Duhet t\u2019i tregojm\u00eb popullit shqiptar se jemi k\u00ebtu p\u00ebr ta dhe p\u00ebrfaq\u00ebsimi i tyre t\u00eb jet\u00eb i denj\u00eb. Duam lista t\u00eb hapur p\u00ebr kandidat\u00ebt. \u00a0<\/em><\/p>\n","protected":false},"excerpt":{"rendered":"<p>P\u00ebrfundon mbledhja e K\u00ebshillit Politik p\u00ebr reform\u00ebn Zgjedhore. Pas k\u00ebsaj tryeze ka folur p\u00ebr mediat deputetja Rudina Hajdari. Hajdari:\u00a0Rama dakord p\u00ebr shtyrjen e mbledhjes p\u00ebr financimin e fushat\u00ebs zgjedhore. Partit\u00eb ta marrin seriozisht reform\u00ebn zgjedhore. P\u00ebr hapa konkret\u00eb nuk na duhet t\u00eb dalim n\u00eb sheshe. Dy partit\u00eb kryesore kan\u00eb pushtetin n\u00eb duar. Duhet t\u2019i tregojm\u00eb [&hellip;]<\/p>\n","protected":false},"author":2013,"featured_media":122581,"comment_status":"open","ping_status":"closed","sticky":false,"template":"","format":"standard","meta":{"footnotes":""},"categories":[241,235],"tags":[],"class_list":{"0":"post-123264","1":"post","2":"type-post","3":"status-publish","4":"format-standard","5":"has-post-thumbnail","7":"category-aktualitet","8":"category-vendi"},"_links":{"self":[{"href":"https:\/\/zjarr.tv\/sq\/wp-json\/wp\/v2\/posts\/123264","targetHints":{"allow":["GET"]}}],"collection":[{"href":"https:\/\/zjarr.tv\/sq\/wp-json\/wp\/v2\/posts"}],"about":[{"href":"https:\/\/zjarr.tv\/sq\/wp-json\/wp\/v2\/types\/post"}],"author":[{"embeddable":true,"href":"https:\/\/zjarr.tv\/sq\/wp-json\/wp\/v2\/users\/2013"}],"replies":[{"embeddable":true,"href":"https:\/\/zjarr.tv\/sq\/wp-json\/wp\/v2\/comments?post=123264"}],"version-history":[{"count":0,"href":"https:\/\/zjarr.tv\/sq\/wp-json\/wp\/v2\/posts\/123264\/revisions"}],"wp:featuredmedia":[{"embeddable":true,"href":"https:\/\/zjarr.tv\/sq\/wp-json\/wp\/v2\/media\/122581"}],"wp:attachment":[{"href":"https:\/\/zjarr.tv\/sq\/wp-json\/wp\/v2\/media?parent=123264"}],"wp:term":[{"taxonomy":"category","embeddable":true,"href":"https:\/\/zjarr.tv\/sq\/wp-json\/wp\/v2\/categories?post=123264"},{"taxonomy":"post_tag","embeddable":true,"href":"https:\/\/zjarr.tv\/sq\/wp-json\/wp\/v2\/tags?post=123264"}],"curies":[{"name":"wp","href":"https:\/\/api.w.org\/{rel}","templated":true}]}}