{"id":123268,"date":"2020-03-03T13:18:59","date_gmt":"2020-03-03T12:18:59","guid":{"rendered":"https:\/\/zjarr.tv\/?p=123268"},"modified":"2020-03-03T13:18:59","modified_gmt":"2020-03-03T12:18:59","slug":"gjiknuri-financim-miks-per-partite-politike","status":"publish","type":"post","link":"https:\/\/zjarr.tv\/sq\/gjiknuri-financim-miks-per-partite-politike\/","title":{"rendered":"Gjiknuri: Financim miks p\u00ebr partit\u00eb politike"},"content":{"rendered":"<p>Pal\u00ebt n\u00eb Komisionin p\u00ebr Reform\u00ebn Zgjedhore kan\u00eb r\u00ebn\u00eb dakord p\u00ebr financim miks t\u00eb partive politike. N\u00eb p\u00ebrfundim t\u00eb mbledhjes, Damian Gjiknuri tha se do t\u00eb gjendet nj\u00eb zgjidhje e pranueshme nga t\u00eb gjitha pal\u00ebt. Ai p\u00ebrsh\u00ebndeti vendimin e opozit\u00ebs p\u00ebr tu t\u00ebrhequr nga financimi 100% nga fondet publike.<\/p>\n<p><strong>Gjiknuri:<\/strong><em>\u00a0\u00c7\u00ebshtja e ligjit t\u00eb partive politike dhe financimit t\u00eb tyre do t\u00eb doj\u00eb m\u00eb shum\u00eb koh\u00eb. Por besoj se k\u00ebtu pal\u00ebt nuk do t\u00eb ken\u00eb ndarje. Do adresojm\u00eb \u00e7\u00ebshtjet q\u00eb jan\u00eb t\u00eb nevojshme n\u00eb kodin zgjedhor dhe pjesa e financimit mund t\u00eb marr\u00eb m\u00eb shum\u00eb koh\u00eb. Parimi \u00ebsht\u00eb q\u00eb jemi p\u00ebr financim miks, na vjen mir\u00eb q\u00eb edhe PD ka hequr dor\u00eb nga financimi 100% publik, problemi \u00ebsht\u00eb t\u00eb gjejm\u00eb nj\u00eb shif\u00ebr t\u00eb pranueshme, nj\u00eb balanc\u00eb mes kontributit shtet\u00ebror dhe atij privat.<\/em><\/p>\n<p><em>Ajo q\u00eb ka r\u00ebnd\u00ebsi \u00ebsht\u00eb q\u00eb jan\u00eb futur element\u00eb t\u00eb tjer\u00eb garancie q\u00eb ishin edhe n\u00eb ligjin e propozuar nga PD, monitorim m\u00eb i im\u00ebt, raportimi nga pal\u00ebt e treta, monitorim nga pal\u00ebt e treta, futja e tyre n\u00eb proces, vendosja e nj\u00eb kufiri jo m\u00eb shum\u00eb se 50 mij\u00eb lek\u00eb q\u00eb \u00ebsht\u00eb i detyruar t\u00eb b\u00ebhet n\u00eb bank\u00eb.<\/em><\/p>\n","protected":false},"excerpt":{"rendered":"<p>Pal\u00ebt n\u00eb Komisionin p\u00ebr Reform\u00ebn Zgjedhore kan\u00eb r\u00ebn\u00eb dakord p\u00ebr financim miks t\u00eb partive politike. N\u00eb p\u00ebrfundim t\u00eb mbledhjes, Damian Gjiknuri tha se do t\u00eb gjendet nj\u00eb zgjidhje e pranueshme nga t\u00eb gjitha pal\u00ebt. Ai p\u00ebrsh\u00ebndeti vendimin e opozit\u00ebs p\u00ebr tu t\u00ebrhequr nga financimi 100% nga fondet publike. Gjiknuri:\u00a0\u00c7\u00ebshtja e ligjit t\u00eb partive politike dhe [&hellip;]<\/p>\n","protected":false},"author":2013,"featured_media":120386,"comment_status":"open","ping_status":"closed","sticky":false,"template":"","format":"standard","meta":{"footnotes":""},"categories":[241,235],"tags":[],"class_list":{"0":"post-123268","1":"post","2":"type-post","3":"status-publish","4":"format-standard","5":"has-post-thumbnail","7":"category-aktualitet","8":"category-vendi"},"_links":{"self":[{"href":"https:\/\/zjarr.tv\/sq\/wp-json\/wp\/v2\/posts\/123268","targetHints":{"allow":["GET"]}}],"collection":[{"href":"https:\/\/zjarr.tv\/sq\/wp-json\/wp\/v2\/posts"}],"about":[{"href":"https:\/\/zjarr.tv\/sq\/wp-json\/wp\/v2\/types\/post"}],"author":[{"embeddable":true,"href":"https:\/\/zjarr.tv\/sq\/wp-json\/wp\/v2\/users\/2013"}],"replies":[{"embeddable":true,"href":"https:\/\/zjarr.tv\/sq\/wp-json\/wp\/v2\/comments?post=123268"}],"version-history":[{"count":0,"href":"https:\/\/zjarr.tv\/sq\/wp-json\/wp\/v2\/posts\/123268\/revisions"}],"wp:featuredmedia":[{"embeddable":true,"href":"https:\/\/zjarr.tv\/sq\/wp-json\/wp\/v2\/media\/120386"}],"wp:attachment":[{"href":"https:\/\/zjarr.tv\/sq\/wp-json\/wp\/v2\/media?parent=123268"}],"wp:term":[{"taxonomy":"category","embeddable":true,"href":"https:\/\/zjarr.tv\/sq\/wp-json\/wp\/v2\/categories?post=123268"},{"taxonomy":"post_tag","embeddable":true,"href":"https:\/\/zjarr.tv\/sq\/wp-json\/wp\/v2\/tags?post=123268"}],"curies":[{"name":"wp","href":"https:\/\/api.w.org\/{rel}","templated":true}]}}