{"id":123274,"date":"2020-03-03T14:30:45","date_gmt":"2020-03-03T13:30:45","guid":{"rendered":"https:\/\/zjarr.tv\/?p=123274"},"modified":"2020-03-03T14:30:45","modified_gmt":"2020-03-03T13:30:45","slug":"vonesa-ne-mberritjen-e-trageteve-ne-portin-e-durresit-shkak-era-e-forte","status":"publish","type":"post","link":"https:\/\/zjarr.tv\/sq\/vonesa-ne-mberritjen-e-trageteve-ne-portin-e-durresit-shkak-era-e-forte\/","title":{"rendered":"Vonesa n\u00eb mb\u00ebrritjen e trageteve n\u00eb portin e Durr\u00ebsit, shkak era e fort\u00eb"},"content":{"rendered":"<p>Autoriteti Portual Durr\u00ebs njofton se do t\u00eb ket\u00eb vonesa n\u00eb mb\u00ebrritjen e trageteve n\u00eb k\u00ebt\u00eb port, p\u00ebr shkak t\u00eb er\u00ebs s\u00eb fort\u00eb.<\/p>\n<p>Dy tragetet e linj\u00ebs Bari \u2013 Durr\u00ebs do t\u00eb mb\u00ebrrijn\u00eb me vones\u00eb, pasi \u00a0jan\u00eb nisur me rreth \u00a08 or\u00eb vones\u00eb, p\u00ebr shkak t\u00eb er\u00ebs s\u00eb fort\u00eb n\u00eb brigjet e Italis\u00eb Jugore.<\/p>\n<p>Tragetet \u201cBari\u201d dhe \u201cAF Marina\u201d, jan\u00eb nisur m\u00ebngjesin e sot\u00ebm \u00a0nga Bari dhe priten t\u00eb hyjn\u00eb n\u00eb portin e Durr\u00ebsit rreth or\u00ebs 15.00.<\/p>\n<p>Nd\u00ebrkoh\u00eb, nuk jan\u00eb regjistruar vonesa n\u00eb nisjen e dy trageteve t\u00eb \u00a0tjer\u00eb t\u00eb linj\u00ebs Durr\u00ebs \u2013 Bari, t\u00eb cil\u00ebt \u00a0jan\u00eb nisur mbr\u00ebm\u00eb sipas grafikut dhe tashm\u00eb jan\u00eb akostuar n\u00eb portin italian.<\/p>\n<p><img decoding=\"async\" class=\"fr-fic fr-dib\" src=\"https:\/\/www.oranews.tv\/storage\/app\/media\/home\/ora\/public_html\/storage\/app\/media\/2020\/03\/03\/Screenshot_4.jpg\" data-result=\"success\" \/><\/p>\n<p>&nbsp;<\/p>\n<p>&nbsp;<\/p>\n","protected":false},"excerpt":{"rendered":"<p>Autoriteti Portual Durr\u00ebs njofton se do t\u00eb ket\u00eb vonesa n\u00eb mb\u00ebrritjen e trageteve n\u00eb k\u00ebt\u00eb port, p\u00ebr shkak t\u00eb er\u00ebs s\u00eb fort\u00eb. Dy tragetet e linj\u00ebs Bari \u2013 Durr\u00ebs do t\u00eb mb\u00ebrrijn\u00eb me vones\u00eb, pasi \u00a0jan\u00eb nisur me rreth \u00a08 or\u00eb vones\u00eb, p\u00ebr shkak t\u00eb er\u00ebs s\u00eb fort\u00eb n\u00eb brigjet e Italis\u00eb Jugore. Tragetet \u201cBari\u201d [&hellip;]<\/p>\n","protected":false},"author":2013,"featured_media":120009,"comment_status":"open","ping_status":"closed","sticky":false,"template":"","format":"standard","meta":{"footnotes":""},"categories":[241,235],"tags":[],"class_list":{"0":"post-123274","1":"post","2":"type-post","3":"status-publish","4":"format-standard","5":"has-post-thumbnail","7":"category-aktualitet","8":"category-vendi"},"_links":{"self":[{"href":"https:\/\/zjarr.tv\/sq\/wp-json\/wp\/v2\/posts\/123274","targetHints":{"allow":["GET"]}}],"collection":[{"href":"https:\/\/zjarr.tv\/sq\/wp-json\/wp\/v2\/posts"}],"about":[{"href":"https:\/\/zjarr.tv\/sq\/wp-json\/wp\/v2\/types\/post"}],"author":[{"embeddable":true,"href":"https:\/\/zjarr.tv\/sq\/wp-json\/wp\/v2\/users\/2013"}],"replies":[{"embeddable":true,"href":"https:\/\/zjarr.tv\/sq\/wp-json\/wp\/v2\/comments?post=123274"}],"version-history":[{"count":0,"href":"https:\/\/zjarr.tv\/sq\/wp-json\/wp\/v2\/posts\/123274\/revisions"}],"wp:featuredmedia":[{"embeddable":true,"href":"https:\/\/zjarr.tv\/sq\/wp-json\/wp\/v2\/media\/120009"}],"wp:attachment":[{"href":"https:\/\/zjarr.tv\/sq\/wp-json\/wp\/v2\/media?parent=123274"}],"wp:term":[{"taxonomy":"category","embeddable":true,"href":"https:\/\/zjarr.tv\/sq\/wp-json\/wp\/v2\/categories?post=123274"},{"taxonomy":"post_tag","embeddable":true,"href":"https:\/\/zjarr.tv\/sq\/wp-json\/wp\/v2\/tags?post=123274"}],"curies":[{"name":"wp","href":"https:\/\/api.w.org\/{rel}","templated":true}]}}