{"id":123276,"date":"2020-03-03T14:33:12","date_gmt":"2020-03-03T13:33:12","guid":{"rendered":"https:\/\/zjarr.tv\/?p=123276"},"modified":"2020-03-03T14:33:12","modified_gmt":"2020-03-03T13:33:12","slug":"meta-falenderon-biznesmenin-dhe-humanistin-per-mbeshtetjen-ndihemi-krenar-per-diasporen-shqiptare","status":"publish","type":"post","link":"https:\/\/zjarr.tv\/sq\/meta-falenderon-biznesmenin-dhe-humanistin-per-mbeshtetjen-ndihemi-krenar-per-diasporen-shqiptare\/","title":{"rendered":"Meta fal\u00ebnderon biznesmenin dhe humanistin p\u00ebr mb\u00ebshtetjen: Ndihemi krenar p\u00ebr diaspor\u00ebn shqiptare"},"content":{"rendered":"<p>Presidenti i Republik\u00ebs Ilir Meta ka fal\u00ebnderuar biznesmenin dhe humanistin shqiptar q\u00eb jeton n\u00eb SHBA Harry Bajraktari p\u00ebr mb\u00ebshtetjen e tij ndaj manifestimit dhe kauz\u00ebs s\u00eb Kreut t\u00eb Shtetit n\u00eb mbrojtje t\u00eb Kushtetut\u00ebs.<\/p>\n<p>Meta e cil\u00ebson nj\u00eb veprimtar t\u00eb palodhur t\u00eb \u00e7\u00ebshtjes komb\u00ebtare dhe thekson se kombi yn\u00eb ndihet krenar p\u00ebr diaspor\u00ebn shqiptare dhe n\u00eb ve\u00e7anti p\u00ebr ata q\u00eb i jan\u00eb bashkuar pranver\u00ebs kuqezi.<\/p>\n<p>\u201cFal\u00ebnderim dhe mir\u00ebnjohje e ve\u00e7ant\u00eb p\u00ebr veprimtarin e palodhur t\u00eb \u00e7\u00ebshtjes komb\u00ebtare, patriotin e jasht\u00ebzakonsh\u00ebm shqiptaro-amerikan\ud83c\udde6\ud83c\uddf1\ud83c\uddfa\ud83c\uddf8, Harry Bajraktari, themelues i gazet\u00ebs Illyria n\u00eb New York, biznesmen e humanist i shquar, p\u00ebr mesazhin e tij t\u00eb solidaritetit me kauz\u00ebn e drejt\u00eb mbar\u00ebkomb\u00ebtare dhe Uraganin Kuqezi q\u00eb sapo ka filluar.<br \/>\nKombi\ud83c\udde6\ud83c\uddf1 yn\u00eb ndihet krenar p\u00ebr diaspor\u00ebn shqiptare, n\u00eb ve\u00e7anti p\u00ebr v\u00ebllez\u00ebrit dhe motrat tan\u00eb n\u00eb SHBA\ud83c\uddfa\ud83c\uddf8, q\u00eb ashtu si Harry jan\u00eb bashkuar me Pranver\u00ebn Kuqezi dhe kurdoher\u00eb kan\u00eb qen\u00eb n\u00eb ball\u00eb t\u00eb mbrojtjes s\u00eb Atdheut, e p\u00ebrpjekjeve p\u00ebr lirin\u00eb, pavar\u00ebsin\u00eb, demokracin\u00eb dhe Shqip\u00ebrin\u00eb si e gjith\u00eb Europa. \ud83c\udde6\ud83c\uddf1\ud83e\udd1d\ud83c\uddfa\ud83c\uddf8\u201d, shkruan presidenti Meta.<\/p>\n","protected":false},"excerpt":{"rendered":"<p>Presidenti i Republik\u00ebs Ilir Meta ka fal\u00ebnderuar biznesmenin dhe humanistin shqiptar q\u00eb jeton n\u00eb SHBA Harry Bajraktari p\u00ebr mb\u00ebshtetjen e tij ndaj manifestimit dhe kauz\u00ebs s\u00eb Kreut t\u00eb Shtetit n\u00eb mbrojtje t\u00eb Kushtetut\u00ebs. Meta e cil\u00ebson nj\u00eb veprimtar t\u00eb palodhur t\u00eb \u00e7\u00ebshtjes komb\u00ebtare dhe thekson se kombi yn\u00eb ndihet krenar p\u00ebr diaspor\u00ebn shqiptare dhe n\u00eb [&hellip;]<\/p>\n","protected":false},"author":2013,"featured_media":84741,"comment_status":"open","ping_status":"closed","sticky":false,"template":"","format":"standard","meta":{"footnotes":""},"categories":[241,235],"tags":[],"class_list":{"0":"post-123276","1":"post","2":"type-post","3":"status-publish","4":"format-standard","5":"has-post-thumbnail","7":"category-aktualitet","8":"category-vendi"},"_links":{"self":[{"href":"https:\/\/zjarr.tv\/sq\/wp-json\/wp\/v2\/posts\/123276","targetHints":{"allow":["GET"]}}],"collection":[{"href":"https:\/\/zjarr.tv\/sq\/wp-json\/wp\/v2\/posts"}],"about":[{"href":"https:\/\/zjarr.tv\/sq\/wp-json\/wp\/v2\/types\/post"}],"author":[{"embeddable":true,"href":"https:\/\/zjarr.tv\/sq\/wp-json\/wp\/v2\/users\/2013"}],"replies":[{"embeddable":true,"href":"https:\/\/zjarr.tv\/sq\/wp-json\/wp\/v2\/comments?post=123276"}],"version-history":[{"count":0,"href":"https:\/\/zjarr.tv\/sq\/wp-json\/wp\/v2\/posts\/123276\/revisions"}],"wp:featuredmedia":[{"embeddable":true,"href":"https:\/\/zjarr.tv\/sq\/wp-json\/wp\/v2\/media\/84741"}],"wp:attachment":[{"href":"https:\/\/zjarr.tv\/sq\/wp-json\/wp\/v2\/media?parent=123276"}],"wp:term":[{"taxonomy":"category","embeddable":true,"href":"https:\/\/zjarr.tv\/sq\/wp-json\/wp\/v2\/categories?post=123276"},{"taxonomy":"post_tag","embeddable":true,"href":"https:\/\/zjarr.tv\/sq\/wp-json\/wp\/v2\/tags?post=123276"}],"curies":[{"name":"wp","href":"https:\/\/api.w.org\/{rel}","templated":true}]}}