{"id":123292,"date":"2020-03-04T11:54:01","date_gmt":"2020-03-04T10:54:01","guid":{"rendered":"https:\/\/zjarr.tv\/?p=123292"},"modified":"2020-03-04T11:54:01","modified_gmt":"2020-03-04T10:54:01","slug":"helmohen-serish-nxenesit-e-shkolles-janar-kilica-ne-fier","status":"publish","type":"post","link":"https:\/\/zjarr.tv\/sq\/helmohen-serish-nxenesit-e-shkolles-janar-kilica-ne-fier\/","title":{"rendered":"Helmohen s\u00ebrish nx\u00ebn\u00ebsit e shkoll\u00ebs \u201cJanar Kilica\u201d n\u00eb Fier"},"content":{"rendered":"<p>Helmohen s\u00ebrish nx\u00ebn\u00ebsit e shkoll\u00ebs \u201cJanar Kilica\u201d n\u00eb Fier.<\/p>\n<p>Ata kan\u00eb qen\u00eb n\u00eb m\u00ebsim kur kan\u00eb shfaqur probleme me frym\u00ebmarrjen, shenja helmimi dhe t\u00eb vjella.<\/p>\n<p>Ata jan\u00eb nisur me urgjenc\u00eb n\u00eb spital dhe jan\u00eb duke marr\u00eb ndihm\u00ebn e par\u00eb mjek\u00ebsore.<\/p>\n<p>Ka pasur nj\u00eb situat\u00eb shum\u00eb t\u00eb tensionuar n\u00eb shkoll\u00eb dhe n\u00eb spital.<\/p>\n<p>Gjimnazist\u00ebt merrnin n\u00eb telefon duke shfaqur dob\u00ebsi dhe probleme n\u00eb frym\u00ebmarrje.<\/p>\n<p><em>Deri m\u00eb tani jan\u00eb gati 20 nx\u00ebn\u00ebs q\u00eb jan\u00eb paraqitur n\u00eb spital, i<\/em>nformon gazetarja e Ora News, Inelda Vallja.<\/p>\n<p>Mjek\u00ebt b\u00ebjn\u00eb me dije se situata \u00ebsht\u00eb n\u00eb kontroll dhe nx\u00ebn\u00ebsit jan\u00eb jasht\u00eb rrezikut p\u00ebr jet\u00ebn.<\/p>\n<p>Nd\u00ebrkoh\u00eb, q\u00eb policia ndodhet brenda spitalit duke u munduar q\u00eb t\u00eb stabilizoj\u00eb gjendjen.<\/p>\n<p>Akoma nuk dihen shkaqet e helmimit.<\/p>\n<p>Disa dit\u00eb m\u00eb par\u00eb k\u00ebta nx\u00ebn\u00ebs u helmuan duke shfaqur t\u00eb nj\u00ebjtat simptoma.<\/p>\n","protected":false},"excerpt":{"rendered":"<p>Helmohen s\u00ebrish nx\u00ebn\u00ebsit e shkoll\u00ebs \u201cJanar Kilica\u201d n\u00eb Fier. Ata kan\u00eb qen\u00eb n\u00eb m\u00ebsim kur kan\u00eb shfaqur probleme me frym\u00ebmarrjen, shenja helmimi dhe t\u00eb vjella. Ata jan\u00eb nisur me urgjenc\u00eb n\u00eb spital dhe jan\u00eb duke marr\u00eb ndihm\u00ebn e par\u00eb mjek\u00ebsore. Ka pasur nj\u00eb situat\u00eb shum\u00eb t\u00eb tensionuar n\u00eb shkoll\u00eb dhe n\u00eb spital. Gjimnazist\u00ebt merrnin n\u00eb [&hellip;]<\/p>\n","protected":false},"author":2013,"featured_media":123293,"comment_status":"open","ping_status":"closed","sticky":false,"template":"","format":"standard","meta":{"footnotes":""},"categories":[241,235],"tags":[],"class_list":{"0":"post-123292","1":"post","2":"type-post","3":"status-publish","4":"format-standard","5":"has-post-thumbnail","7":"category-aktualitet","8":"category-vendi"},"_links":{"self":[{"href":"https:\/\/zjarr.tv\/sq\/wp-json\/wp\/v2\/posts\/123292","targetHints":{"allow":["GET"]}}],"collection":[{"href":"https:\/\/zjarr.tv\/sq\/wp-json\/wp\/v2\/posts"}],"about":[{"href":"https:\/\/zjarr.tv\/sq\/wp-json\/wp\/v2\/types\/post"}],"author":[{"embeddable":true,"href":"https:\/\/zjarr.tv\/sq\/wp-json\/wp\/v2\/users\/2013"}],"replies":[{"embeddable":true,"href":"https:\/\/zjarr.tv\/sq\/wp-json\/wp\/v2\/comments?post=123292"}],"version-history":[{"count":0,"href":"https:\/\/zjarr.tv\/sq\/wp-json\/wp\/v2\/posts\/123292\/revisions"}],"wp:featuredmedia":[{"embeddable":true,"href":"https:\/\/zjarr.tv\/sq\/wp-json\/wp\/v2\/media\/123293"}],"wp:attachment":[{"href":"https:\/\/zjarr.tv\/sq\/wp-json\/wp\/v2\/media?parent=123292"}],"wp:term":[{"taxonomy":"category","embeddable":true,"href":"https:\/\/zjarr.tv\/sq\/wp-json\/wp\/v2\/categories?post=123292"},{"taxonomy":"post_tag","embeddable":true,"href":"https:\/\/zjarr.tv\/sq\/wp-json\/wp\/v2\/tags?post=123292"}],"curies":[{"name":"wp","href":"https:\/\/api.w.org\/{rel}","templated":true}]}}