{"id":123295,"date":"2020-03-04T11:55:29","date_gmt":"2020-03-04T10:55:29","guid":{"rendered":"https:\/\/zjarr.tv\/?p=123295"},"modified":"2020-03-04T11:55:29","modified_gmt":"2020-03-04T10:55:29","slug":"i-frikesohet-mazhoranca-ilir-metes-ja-si-pergjigjet-taulant-balla","status":"publish","type":"post","link":"https:\/\/zjarr.tv\/sq\/i-frikesohet-mazhoranca-ilir-metes-ja-si-pergjigjet-taulant-balla\/","title":{"rendered":"I frik\u00ebsohet mazhoranca Ilir Met\u00ebs? Ja si p\u00ebrgjigjet Taulant Balla"},"content":{"rendered":"<p>Referuar tubimit t\u00eb presidentit Ilir Meta dhe pjes\u00ebmarrjes s\u00eb qytetar\u00ebve, gazetar\u00ebt e pyet\u00ebn numrin 2 t\u00eb Partis\u00eb Socialiste se a i frik\u00ebsohet mazhoranca politikisht figur\u00ebs s\u00eb Ilir Met\u00ebs. Taulant Balla nuk pranoi t\u00eb komentoj\u00eb, por tha se \u00ebsht\u00eb normale q\u00eb t\u00eb mblidhen qytetar\u00eb n\u00eb nj\u00eb organizim partie.<\/p>\n<p><strong>Gazetarja:<\/strong>\u00a0Zoti Balla, i frik\u00ebsohet mazhoranca politikisht figur\u00ebs s\u00eb Ilir Met\u00ebs dhe Bes\u00eblidhjes s\u00eb 2 marsit?<\/p>\n<p><strong>Taulant Balla:<\/strong>\u00a0Sinqerisht i besoni pyetjes q\u00eb b\u00ebni?<\/p>\n<p><strong>Gazetarja:<\/strong>\u00a0Po<\/p>\n<p><strong>Taulant Balla:<\/strong>\u00a0Nuk kam asnj\u00eb emocion p\u00ebr pyetjen q\u00eb b\u00ebni<\/p>\n<p><strong>Gazetarja:<\/strong>\u00a0Si e shpjegoni pjes\u00ebmarrjen n\u00eb protest\u00eb \u00ebsht\u00eb impresionuese p\u00ebr ju mb\u00ebshtetja q\u00eb kishte presidenti i Republik\u00ebs?<\/p>\n<p><strong>Taulant Balla:<\/strong>\u00a0Nuk kam asnj\u00eb koment p\u00ebr k\u00ebt\u00eb \u00e7\u00ebshtje, sepse un\u00eb si organizator i vjet\u00ebr i shum\u00eb takimeve elektorale t\u00eb PS m\u00eb duket normale t\u00eb mbledh\u00ebsh ata pak an\u00ebtare partie q\u00eb i kan\u00eb mbetur, si\u00e7 thoshte Lulzim Basha nga falimentimi i shpk.<\/p>\n","protected":false},"excerpt":{"rendered":"<p>Referuar tubimit t\u00eb presidentit Ilir Meta dhe pjes\u00ebmarrjes s\u00eb qytetar\u00ebve, gazetar\u00ebt e pyet\u00ebn numrin 2 t\u00eb Partis\u00eb Socialiste se a i frik\u00ebsohet mazhoranca politikisht figur\u00ebs s\u00eb Ilir Met\u00ebs. Taulant Balla nuk pranoi t\u00eb komentoj\u00eb, por tha se \u00ebsht\u00eb normale q\u00eb t\u00eb mblidhen qytetar\u00eb n\u00eb nj\u00eb organizim partie. Gazetarja:\u00a0Zoti Balla, i frik\u00ebsohet mazhoranca politikisht figur\u00ebs s\u00eb [&hellip;]<\/p>\n","protected":false},"author":2013,"featured_media":122455,"comment_status":"open","ping_status":"closed","sticky":false,"template":"","format":"standard","meta":{"footnotes":""},"categories":[241,235],"tags":[],"class_list":{"0":"post-123295","1":"post","2":"type-post","3":"status-publish","4":"format-standard","5":"has-post-thumbnail","7":"category-aktualitet","8":"category-vendi"},"_links":{"self":[{"href":"https:\/\/zjarr.tv\/sq\/wp-json\/wp\/v2\/posts\/123295","targetHints":{"allow":["GET"]}}],"collection":[{"href":"https:\/\/zjarr.tv\/sq\/wp-json\/wp\/v2\/posts"}],"about":[{"href":"https:\/\/zjarr.tv\/sq\/wp-json\/wp\/v2\/types\/post"}],"author":[{"embeddable":true,"href":"https:\/\/zjarr.tv\/sq\/wp-json\/wp\/v2\/users\/2013"}],"replies":[{"embeddable":true,"href":"https:\/\/zjarr.tv\/sq\/wp-json\/wp\/v2\/comments?post=123295"}],"version-history":[{"count":0,"href":"https:\/\/zjarr.tv\/sq\/wp-json\/wp\/v2\/posts\/123295\/revisions"}],"wp:featuredmedia":[{"embeddable":true,"href":"https:\/\/zjarr.tv\/sq\/wp-json\/wp\/v2\/media\/122455"}],"wp:attachment":[{"href":"https:\/\/zjarr.tv\/sq\/wp-json\/wp\/v2\/media?parent=123295"}],"wp:term":[{"taxonomy":"category","embeddable":true,"href":"https:\/\/zjarr.tv\/sq\/wp-json\/wp\/v2\/categories?post=123295"},{"taxonomy":"post_tag","embeddable":true,"href":"https:\/\/zjarr.tv\/sq\/wp-json\/wp\/v2\/tags?post=123295"}],"curies":[{"name":"wp","href":"https:\/\/api.w.org\/{rel}","templated":true}]}}