{"id":123300,"date":"2020-03-04T12:31:39","date_gmt":"2020-03-04T11:31:39","guid":{"rendered":"https:\/\/zjarr.tv\/?p=123300"},"modified":"2020-03-04T12:31:39","modified_gmt":"2020-03-04T11:31:39","slug":"tedi-blushi-i-pergjigjet-balles-tao-tao-te-duket-vetja-i-forte-ngaqe-rri-me-cuna-problematike","status":"publish","type":"post","link":"https:\/\/zjarr.tv\/sq\/tedi-blushi-i-pergjigjet-balles-tao-tao-te-duket-vetja-i-forte-ngaqe-rri-me-cuna-problematike\/","title":{"rendered":"Tedi Blushi i p\u00ebrgjigjet Ball\u00ebs: Tao Tao t\u00eb duket vetja i fort\u00eb ngaq\u00eb rri me \u00e7una problematik\u00eb"},"content":{"rendered":"<p>Pas deklaratave t\u00eb kryetarit t\u00eb grupit parlamentar t\u00eb PS, Tulant Balla se Presidenti nuk mund t\u00eb shp\u00ebrndaj\u00eb parlamentin, ka ardhur edhe reagimi i presidenc\u00ebs.<\/p>\n<p>Z\u00ebdh\u00ebn\u00ebsi i Presidentit, Tedi Blushi n\u00eb nj\u00eb postim n\u00eb Facebook ironizon Taulant Ball\u00ebn.<\/p>\n<p><strong>Reagimi i Tedi Blushit<\/strong><\/p>\n<p><em>Ciu Ciu Tao Tao. T\u00eb duket vetja i fort\u00eb ngaq\u00eb rri me \u00e7una problematik\u00eb, por lutju Zotit q\u00eb t\u00eb mos kthehet i gjith\u00eb populli n\u00eb \u201cproblematik\u201d.<\/em><\/p>\n<p><em>Tao Tao, harroje z\u00ebrin e Bablokut!<\/em><\/p>\n<p><em>D\u00cbGJOJE Z\u00cbRIN E POPULLIT!<\/em><\/p>\n<p><em>\u00cbSHT\u00cb Z\u00cbRI I ZOTIT!<\/em><\/p>\n","protected":false},"excerpt":{"rendered":"<p>Pas deklaratave t\u00eb kryetarit t\u00eb grupit parlamentar t\u00eb PS, Tulant Balla se Presidenti nuk mund t\u00eb shp\u00ebrndaj\u00eb parlamentin, ka ardhur edhe reagimi i presidenc\u00ebs. Z\u00ebdh\u00ebn\u00ebsi i Presidentit, Tedi Blushi n\u00eb nj\u00eb postim n\u00eb Facebook ironizon Taulant Ball\u00ebn. Reagimi i Tedi Blushit Ciu Ciu Tao Tao. T\u00eb duket vetja i fort\u00eb ngaq\u00eb rri me \u00e7una problematik\u00eb, [&hellip;]<\/p>\n","protected":false},"author":2013,"featured_media":116720,"comment_status":"open","ping_status":"closed","sticky":false,"template":"","format":"standard","meta":{"footnotes":""},"categories":[241,235],"tags":[],"class_list":{"0":"post-123300","1":"post","2":"type-post","3":"status-publish","4":"format-standard","5":"has-post-thumbnail","7":"category-aktualitet","8":"category-vendi"},"_links":{"self":[{"href":"https:\/\/zjarr.tv\/sq\/wp-json\/wp\/v2\/posts\/123300","targetHints":{"allow":["GET"]}}],"collection":[{"href":"https:\/\/zjarr.tv\/sq\/wp-json\/wp\/v2\/posts"}],"about":[{"href":"https:\/\/zjarr.tv\/sq\/wp-json\/wp\/v2\/types\/post"}],"author":[{"embeddable":true,"href":"https:\/\/zjarr.tv\/sq\/wp-json\/wp\/v2\/users\/2013"}],"replies":[{"embeddable":true,"href":"https:\/\/zjarr.tv\/sq\/wp-json\/wp\/v2\/comments?post=123300"}],"version-history":[{"count":0,"href":"https:\/\/zjarr.tv\/sq\/wp-json\/wp\/v2\/posts\/123300\/revisions"}],"wp:featuredmedia":[{"embeddable":true,"href":"https:\/\/zjarr.tv\/sq\/wp-json\/wp\/v2\/media\/116720"}],"wp:attachment":[{"href":"https:\/\/zjarr.tv\/sq\/wp-json\/wp\/v2\/media?parent=123300"}],"wp:term":[{"taxonomy":"category","embeddable":true,"href":"https:\/\/zjarr.tv\/sq\/wp-json\/wp\/v2\/categories?post=123300"},{"taxonomy":"post_tag","embeddable":true,"href":"https:\/\/zjarr.tv\/sq\/wp-json\/wp\/v2\/tags?post=123300"}],"curies":[{"name":"wp","href":"https:\/\/api.w.org\/{rel}","templated":true}]}}