{"id":123307,"date":"2020-03-04T13:52:11","date_gmt":"2020-03-04T12:52:11","guid":{"rendered":"https:\/\/zjarr.tv\/?p=123307"},"modified":"2020-03-04T13:52:11","modified_gmt":"2020-03-04T12:52:11","slug":"soreca-do-te-bejme-te-pamunduren-qe-procesi-i-disbursimit-te-pershpejtohet-sa-me-shpejt","status":"publish","type":"post","link":"https:\/\/zjarr.tv\/sq\/soreca-do-te-bejme-te-pamunduren-qe-procesi-i-disbursimit-te-pershpejtohet-sa-me-shpejt\/","title":{"rendered":"Soreca: Do t\u00eb b\u00ebjm\u00eb t\u00eb pamundur\u00ebn q\u00eb procesi i disbursimit t\u00eb p\u00ebrshpejtohet sa m\u00eb shpejt"},"content":{"rendered":"<p>Nga mbledhja e komitetit t\u00eb Rind\u00ebrtimit, ambasadori i BE-s\u00eb, Luigi Soreca ka folur p\u00ebr mb\u00ebshtetjen e BE-s\u00eb p\u00ebr procesin e rind\u00ebrtimit.<\/p>\n<p>Soreca tha se donacioni prej 15 milion euro nga BE do t\u00eb p\u00ebrdoret shum\u00eb shpejt.<\/p>\n<p>Po ashtu, Soreca shtoi se BE do t\u00eb v\u00ebr\u00eb n\u00eb dispozicion ekspert\u00eb, si dhe tha se do t\u00eb b\u00ebj\u00eb t\u00eb pamundur\u00ebn q\u00eb t\u00eb p\u00ebrshpejtohet procesi i disbursimit n\u00eb lidhje me donacionet p\u00ebr t\u00ebrmetin<em>.<\/em><\/p>\n<p><strong>Soreca:<\/strong><em>\u00a0Ne n\u00eb fakt e kemi filluar procesin, me dat\u00eb 17 keni firmosur transhin e par\u00eb 15 milion\u00ebsh. Jemi n\u00eb pik\u00ebn q\u00eb n\u00eb bashk\u00ebpunim me PNUD q\u00eb k\u00ebto 15 milion t\u00eb p\u00ebrdoren shum\u00eb shpejt. Kemi diskutuar me ministrin si t\u00eb organizohemi n\u00eb lidhje me kontributin ton\u00eb p\u00ebr nd\u00ebrtimin. \u00cbsht\u00eb e r\u00ebnd\u00ebsishme q\u00eb t\u00eb jemi t\u00eb gjith\u00eb s\u00eb bashku.<\/em><\/p>\n<p><em>Ju po na sfidoni si BE, ne na p\u00eblqen oferta e ministrit Ahmetaj p\u00ebr t\u00eb marr\u00eb pjes\u00eb n\u00eb struktur\u00ebn e rind\u00ebrtimit dhe ne do t\u00eb mobilizojm\u00eb ekspert\u00eb q\u00eb do t\u00eb vihet n\u00eb dispozicion. Do t\u00eb flasim me ministrin p\u00ebr atashimin e personelit dhe teknikaliteteve. Por ka edhe afate kohore q\u00eb duhen realizuar, por ne punoj\u00eb dit\u00eb dhe nat\u00eb q\u00eb gj\u00ebrat t\u00eb zhvillohen. Do t\u00eb shkoj n\u00eb Bruksel sonte. Do t\u00eb mbahet nj\u00eb mbledhje e madhe pas 3 jav\u00ebsh, do t\u00eb takohem me personat q\u00eb jan\u00eb p\u00ebrgjegj\u00ebs p\u00ebr rimbursimin. Do t\u00eb b\u00ebjm\u00eb t\u00eb pamundur\u00ebn q\u00eb procesi i disbursimit t\u00eb p\u00ebrshpejtohet sa m\u00eb shpejt t\u00eb jet\u00eb e mundur. \u00a0<\/em><\/p>\n<p><em>Pritshm\u00ebrit\u00eb tona jan\u00eb tejkaluar. Mendoj se pas disa dit\u00ebsh organizimesh jemi t\u00eb gjith\u00eb t\u00eb vazhdojm\u00eb faz\u00ebn tjet\u00ebr. Jo vet\u00ebm t\u00eb jemi t\u00eb shpejt\u00eb, por edhe t\u00eb jemi efektiv\u00eb n\u00eb rezultate. Kjo \u00ebsht\u00eb nj\u00eb mund\u00ebsi e re p\u00ebr Shqip\u00ebrin\u00eb, pasi shkohet p\u00ebrtej rind\u00ebrtimit. Kjo e b\u00ebn BE-n\u00eb edhe m\u00eb t\u00eb pranishme, pasi ju jeni edhe n\u00eb proces an\u00ebtar\u00ebsimi. Ne e ndjejm\u00eb se e kemi p\u00ebr detyr\u00eb p\u00ebr t\u00eb ndihmuar dhe k\u00ebshilluar. Ne duhet te jemi pjes\u00ebmarr\u00ebs n\u00eb k\u00ebt\u00eb proces q\u00eb t\u00eb p\u00ebrdoren n\u00eb m\u00ebnyr\u00eb transparente.<\/em><\/p>\n","protected":false},"excerpt":{"rendered":"<p>Nga mbledhja e komitetit t\u00eb Rind\u00ebrtimit, ambasadori i BE-s\u00eb, Luigi Soreca ka folur p\u00ebr mb\u00ebshtetjen e BE-s\u00eb p\u00ebr procesin e rind\u00ebrtimit. Soreca tha se donacioni prej 15 milion euro nga BE do t\u00eb p\u00ebrdoret shum\u00eb shpejt. Po ashtu, Soreca shtoi se BE do t\u00eb v\u00ebr\u00eb n\u00eb dispozicion ekspert\u00eb, si dhe tha se do t\u00eb b\u00ebj\u00eb [&hellip;]<\/p>\n","protected":false},"author":2013,"featured_media":91029,"comment_status":"open","ping_status":"closed","sticky":false,"template":"","format":"standard","meta":{"footnotes":""},"categories":[241,235],"tags":[],"class_list":{"0":"post-123307","1":"post","2":"type-post","3":"status-publish","4":"format-standard","5":"has-post-thumbnail","7":"category-aktualitet","8":"category-vendi"},"_links":{"self":[{"href":"https:\/\/zjarr.tv\/sq\/wp-json\/wp\/v2\/posts\/123307","targetHints":{"allow":["GET"]}}],"collection":[{"href":"https:\/\/zjarr.tv\/sq\/wp-json\/wp\/v2\/posts"}],"about":[{"href":"https:\/\/zjarr.tv\/sq\/wp-json\/wp\/v2\/types\/post"}],"author":[{"embeddable":true,"href":"https:\/\/zjarr.tv\/sq\/wp-json\/wp\/v2\/users\/2013"}],"replies":[{"embeddable":true,"href":"https:\/\/zjarr.tv\/sq\/wp-json\/wp\/v2\/comments?post=123307"}],"version-history":[{"count":0,"href":"https:\/\/zjarr.tv\/sq\/wp-json\/wp\/v2\/posts\/123307\/revisions"}],"wp:featuredmedia":[{"embeddable":true,"href":"https:\/\/zjarr.tv\/sq\/wp-json\/wp\/v2\/media\/91029"}],"wp:attachment":[{"href":"https:\/\/zjarr.tv\/sq\/wp-json\/wp\/v2\/media?parent=123307"}],"wp:term":[{"taxonomy":"category","embeddable":true,"href":"https:\/\/zjarr.tv\/sq\/wp-json\/wp\/v2\/categories?post=123307"},{"taxonomy":"post_tag","embeddable":true,"href":"https:\/\/zjarr.tv\/sq\/wp-json\/wp\/v2\/tags?post=123307"}],"curies":[{"name":"wp","href":"https:\/\/api.w.org\/{rel}","templated":true}]}}