{"id":123311,"date":"2020-03-04T15:24:27","date_gmt":"2020-03-04T14:24:27","guid":{"rendered":"https:\/\/zjarr.tv\/?p=123311"},"modified":"2020-03-04T15:26:15","modified_gmt":"2020-03-04T14:26:15","slug":"ahmetaj-donatoret-te-reflektojne-ku-do-te-kontribuojne-te-mos-mbipopullojme-nje-program","status":"publish","type":"post","link":"https:\/\/zjarr.tv\/sq\/ahmetaj-donatoret-te-reflektojne-ku-do-te-kontribuojne-te-mos-mbipopullojme-nje-program\/","title":{"rendered":"Ahmetaj: Donator\u00ebt t\u00eb reflektojn\u00eb ku do t\u00eb kontribuojn\u00eb, t\u00eb mos mbipopullojm\u00eb nj\u00eb program"},"content":{"rendered":"<p>N\u00eb mbledhjen e komitetit t\u00eb Rind\u00ebrtimit, ministri i rind\u00ebrtimit Arben Ahmetaj, ka b\u00ebr\u00eb nj\u00eb thirrje q\u00eb donator\u00ebt t\u00eb reflektojn\u00eb p\u00ebr kontribuimet.Ai tha se shum\u00eb duan t\u00eb orientohen nga arsimi, por \u00ebsht\u00eb mir\u00eb q\u00eb t\u00eb mos mbipopullohet nj\u00eb program me shum\u00eb donator\u00eb.<\/p>\n<p><strong>Ahmetaj:<\/strong>\u00a0<em>Do tu k\u00ebrkoj me shum\u00eb mir\u00ebsjellje t\u00eb gjith\u00ebve donator\u00ebve, ju lutem na ndihmoni q\u00eb p\u00ebr secilin nga donator\u00ebt t\u00eb reflektojn\u00eb se deri ku do t\u00eb kontribuonit, dhe s\u00eb bashku do t\u00eb vendosim se p\u00ebrvoja ime \u00ebsht\u00eb se shum\u00eb duan t\u00eb orientohen p\u00ebr nga arsimi, por komiteti e ka v\u00ebn\u00eb tashm\u00eb theksin aty, ne po flasim p\u00ebr mb\u00ebshtetje buxhetore, sepse vlera dhe shpejt\u00ebsia \u00ebsht\u00eb e r\u00ebnd\u00ebsishme. Kur b\u00ebhet fjal\u00eb p\u00ebr mbrojtjen civile ka shum\u00eb donator\u00eb. Nuk mund t\u00eb mbipopullojm\u00eb nj\u00eb program me shum\u00eb donator\u00eb. Infrastruktura, sht\u00ebpit\u00eb dhe shkolla jan\u00eb tre komponent\u00ebt ku duhen m\u00eb shum\u00eb financime. N\u00eb kuad\u00ebr t\u00eb bashk\u00ebrendimit jam n\u00eb gatishm\u00ebri p\u00ebr ju 24 or\u00eb.<\/em><\/p>\n","protected":false},"excerpt":{"rendered":"<p>N\u00eb mbledhjen e komitetit t\u00eb Rind\u00ebrtimit, ministri i rind\u00ebrtimit Arben Ahmetaj, ka b\u00ebr\u00eb nj\u00eb thirrje q\u00eb donator\u00ebt t\u00eb reflektojn\u00eb p\u00ebr kontribuimet.Ai tha se shum\u00eb duan t\u00eb orientohen nga arsimi, por \u00ebsht\u00eb mir\u00eb q\u00eb t\u00eb mos mbipopullohet nj\u00eb program me shum\u00eb donator\u00eb. Ahmetaj:\u00a0Do tu k\u00ebrkoj me shum\u00eb mir\u00ebsjellje t\u00eb gjith\u00ebve donator\u00ebve, ju lutem na ndihmoni q\u00eb [&hellip;]<\/p>\n","protected":false},"author":2013,"featured_media":113515,"comment_status":"open","ping_status":"closed","sticky":false,"template":"","format":"standard","meta":{"footnotes":""},"categories":[1],"tags":[],"class_list":{"0":"post-123311","1":"post","2":"type-post","3":"status-publish","4":"format-standard","5":"has-post-thumbnail","7":"category-uncategorized-sq"},"_links":{"self":[{"href":"https:\/\/zjarr.tv\/sq\/wp-json\/wp\/v2\/posts\/123311","targetHints":{"allow":["GET"]}}],"collection":[{"href":"https:\/\/zjarr.tv\/sq\/wp-json\/wp\/v2\/posts"}],"about":[{"href":"https:\/\/zjarr.tv\/sq\/wp-json\/wp\/v2\/types\/post"}],"author":[{"embeddable":true,"href":"https:\/\/zjarr.tv\/sq\/wp-json\/wp\/v2\/users\/2013"}],"replies":[{"embeddable":true,"href":"https:\/\/zjarr.tv\/sq\/wp-json\/wp\/v2\/comments?post=123311"}],"version-history":[{"count":0,"href":"https:\/\/zjarr.tv\/sq\/wp-json\/wp\/v2\/posts\/123311\/revisions"}],"wp:featuredmedia":[{"embeddable":true,"href":"https:\/\/zjarr.tv\/sq\/wp-json\/wp\/v2\/media\/113515"}],"wp:attachment":[{"href":"https:\/\/zjarr.tv\/sq\/wp-json\/wp\/v2\/media?parent=123311"}],"wp:term":[{"taxonomy":"category","embeddable":true,"href":"https:\/\/zjarr.tv\/sq\/wp-json\/wp\/v2\/categories?post=123311"},{"taxonomy":"post_tag","embeddable":true,"href":"https:\/\/zjarr.tv\/sq\/wp-json\/wp\/v2\/tags?post=123311"}],"curies":[{"name":"wp","href":"https:\/\/api.w.org\/{rel}","templated":true}]}}