{"id":123338,"date":"2020-03-05T14:24:29","date_gmt":"2020-03-05T13:24:29","guid":{"rendered":"https:\/\/zjarr.tv\/?p=123338"},"modified":"2020-03-05T14:24:29","modified_gmt":"2020-03-05T13:24:29","slug":"basha-nga-shkodra-shporrja-e-tiranise-me-te-gjitha-format-dhe-menyrat-demokratike","status":"publish","type":"post","link":"https:\/\/zjarr.tv\/sq\/basha-nga-shkodra-shporrja-e-tiranise-me-te-gjitha-format-dhe-menyrat-demokratike\/","title":{"rendered":"Basha nga Shkodra: Shporrja e tiranis\u00eb me t\u00eb gjitha format dhe m\u00ebnyrat demokratike"},"content":{"rendered":"<p>Pas tubimit t\u00eb 2 marsit t\u00eb thirrur nga Presidenti Ilir Meta, PD ka p\u00ebr objektiv t\u00eb shpor\u00eb tiranin\u00eb dhe t\u00eb vendoset demokracia.<\/p>\n<p>Nga qyteti i Shkodr\u00ebs, Basha tha se kjo do t\u00eb b\u00ebhet me t\u00eb gjitha format dhe m\u00ebnyrat demokratike.<\/p>\n<p><strong>Lulzim Basha:<\/strong>\u00a0<em>Shporrja e tiranis\u00eb dhe fitorja e demokracis\u00eb \u00ebsht\u00eb objektivi i PD dhe p\u00ebr k\u00ebt\u00eb do t\u00eb b\u00ebjm\u00eb gjith\u00e7ka bashk\u00eb me Shkodr\u00ebn dhe gjith\u00eb shqiptar\u00ebt. Me t\u00eb gjitha format dhe m\u00ebnyrat demokratike.<\/em><\/p>\n","protected":false},"excerpt":{"rendered":"<p>Pas tubimit t\u00eb 2 marsit t\u00eb thirrur nga Presidenti Ilir Meta, PD ka p\u00ebr objektiv t\u00eb shpor\u00eb tiranin\u00eb dhe t\u00eb vendoset demokracia. Nga qyteti i Shkodr\u00ebs, Basha tha se kjo do t\u00eb b\u00ebhet me t\u00eb gjitha format dhe m\u00ebnyrat demokratike. Lulzim Basha:\u00a0Shporrja e tiranis\u00eb dhe fitorja e demokracis\u00eb \u00ebsht\u00eb objektivi i PD dhe p\u00ebr k\u00ebt\u00eb [&hellip;]<\/p>\n","protected":false},"author":2013,"featured_media":123339,"comment_status":"open","ping_status":"closed","sticky":false,"template":"","format":"standard","meta":{"footnotes":""},"categories":[241,235],"tags":[],"class_list":{"0":"post-123338","1":"post","2":"type-post","3":"status-publish","4":"format-standard","5":"has-post-thumbnail","7":"category-aktualitet","8":"category-vendi"},"_links":{"self":[{"href":"https:\/\/zjarr.tv\/sq\/wp-json\/wp\/v2\/posts\/123338","targetHints":{"allow":["GET"]}}],"collection":[{"href":"https:\/\/zjarr.tv\/sq\/wp-json\/wp\/v2\/posts"}],"about":[{"href":"https:\/\/zjarr.tv\/sq\/wp-json\/wp\/v2\/types\/post"}],"author":[{"embeddable":true,"href":"https:\/\/zjarr.tv\/sq\/wp-json\/wp\/v2\/users\/2013"}],"replies":[{"embeddable":true,"href":"https:\/\/zjarr.tv\/sq\/wp-json\/wp\/v2\/comments?post=123338"}],"version-history":[{"count":0,"href":"https:\/\/zjarr.tv\/sq\/wp-json\/wp\/v2\/posts\/123338\/revisions"}],"wp:featuredmedia":[{"embeddable":true,"href":"https:\/\/zjarr.tv\/sq\/wp-json\/wp\/v2\/media\/123339"}],"wp:attachment":[{"href":"https:\/\/zjarr.tv\/sq\/wp-json\/wp\/v2\/media?parent=123338"}],"wp:term":[{"taxonomy":"category","embeddable":true,"href":"https:\/\/zjarr.tv\/sq\/wp-json\/wp\/v2\/categories?post=123338"},{"taxonomy":"post_tag","embeddable":true,"href":"https:\/\/zjarr.tv\/sq\/wp-json\/wp\/v2\/tags?post=123338"}],"curies":[{"name":"wp","href":"https:\/\/api.w.org\/{rel}","templated":true}]}}