{"id":123341,"date":"2020-03-05T14:25:40","date_gmt":"2020-03-05T13:25:40","guid":{"rendered":"https:\/\/zjarr.tv\/?p=123341"},"modified":"2020-03-05T14:25:40","modified_gmt":"2020-03-05T13:25:40","slug":"koronavirusi-ministria-e-shendetesise-testohen-8-raste-te-reja-rezultuan-negative","status":"publish","type":"post","link":"https:\/\/zjarr.tv\/sq\/koronavirusi-ministria-e-shendetesise-testohen-8-raste-te-reja-rezultuan-negative\/","title":{"rendered":"Koronavirusi, Ministria e Sh\u00ebndet\u00ebsis\u00eb: Testohen 8 raste t\u00eb reja, rezultuan negative"},"content":{"rendered":"<p>Deri tani jan\u00eb testuar 50 raste p\u00ebr koronavirusin e ri.<\/p>\n<p>Gjat\u00eb 24 or\u00ebve t\u00eb fundit jan\u00eb testuar 8 raste t\u00eb reja n\u00eb Laboratorin e Virologjis\u00eb pran\u00eb ISHP nga ku n\u00eb total numri i rasteve t\u00eb tesuara ka shkuar n\u00eb 50.<\/p>\n<p>T\u00eb gjitha rastet kan\u00eb rezultuar negative p\u00ebr COVID-19.<\/p>\n<p>Rastet kan\u00eb pasur shenja t\u00eb infeksionit respirator dhe histori udh\u00ebtimi me vendet ku ka shp\u00ebrthim epidemik dhe komunitar t\u00eb koronavirusit te ri.<\/p>\n<p>N\u00eb 24 or\u00ebt e fundit n\u00eb te gjitha pikat kufitare n\u00eb total kan\u00eb hyr\u00eb 18,030 udh\u00ebtar\u00eb, t\u00eb cil\u00ebt jan\u00eb kontrolluar, mb\u00ebshtetur n\u00eb survejanc\u00ebn e p\u00ebrforcuar p\u00ebr monitorimin e temperatur\u00ebs.<\/p>\n<p>N\u00eb 24 or\u00ebt e fundit n\u00eb nr. 127 ka pasur 1472 thirrje, nga t\u00eb cilat 32 prej tyre jan\u00eb vler\u00ebsuar n\u00eb lidhje me infeksione virale respiratore dhe histori udh\u00ebtimi me Italin\u00eb.<\/p>\n<p>Ministria e Sh\u00ebndet\u00ebsis\u00eb dhe Mbrojtjes Sociale rekomandon p\u00ebr udh\u00ebtar\u00ebt q\u00eb kan\u00eb udh\u00ebtuar nga rajonet e prekura me shp\u00ebrthime komunitare dhe q\u00eb kan\u00eb pasur kontakte me persona t\u00eb s\u00ebmure apo t\u00eb dyshuar p\u00ebr COVID-19 t\u00eb vet\u00eb-karantinohen p\u00ebr nj\u00eb periudh\u00eb 14 ditore.<\/p>\n<p>Si dhe rekomandon qytetaret q\u00eb kan\u00eb udh\u00ebtuar n\u00eb vendet e prekura dhe kan\u00eb shenja t\u00eb infeksionit viral respirator t\u00eb telefonojn\u00eb 127 p\u00ebr t\u00eb marr\u00eb udh\u00ebzimet e duhura se si duhet t\u00eb veprojn\u00eb mb\u00ebshtetur n\u00eb gjendjen e tyre sh\u00ebndet\u00ebsore.<\/p>\n","protected":false},"excerpt":{"rendered":"<p>Deri tani jan\u00eb testuar 50 raste p\u00ebr koronavirusin e ri. Gjat\u00eb 24 or\u00ebve t\u00eb fundit jan\u00eb testuar 8 raste t\u00eb reja n\u00eb Laboratorin e Virologjis\u00eb pran\u00eb ISHP nga ku n\u00eb total numri i rasteve t\u00eb tesuara ka shkuar n\u00eb 50. T\u00eb gjitha rastet kan\u00eb rezultuar negative p\u00ebr COVID-19. Rastet kan\u00eb pasur shenja t\u00eb infeksionit respirator [&hellip;]<\/p>\n","protected":false},"author":2013,"featured_media":123342,"comment_status":"open","ping_status":"closed","sticky":false,"template":"","format":"standard","meta":{"footnotes":""},"categories":[241,235],"tags":[],"class_list":{"0":"post-123341","1":"post","2":"type-post","3":"status-publish","4":"format-standard","5":"has-post-thumbnail","7":"category-aktualitet","8":"category-vendi"},"_links":{"self":[{"href":"https:\/\/zjarr.tv\/sq\/wp-json\/wp\/v2\/posts\/123341","targetHints":{"allow":["GET"]}}],"collection":[{"href":"https:\/\/zjarr.tv\/sq\/wp-json\/wp\/v2\/posts"}],"about":[{"href":"https:\/\/zjarr.tv\/sq\/wp-json\/wp\/v2\/types\/post"}],"author":[{"embeddable":true,"href":"https:\/\/zjarr.tv\/sq\/wp-json\/wp\/v2\/users\/2013"}],"replies":[{"embeddable":true,"href":"https:\/\/zjarr.tv\/sq\/wp-json\/wp\/v2\/comments?post=123341"}],"version-history":[{"count":0,"href":"https:\/\/zjarr.tv\/sq\/wp-json\/wp\/v2\/posts\/123341\/revisions"}],"wp:featuredmedia":[{"embeddable":true,"href":"https:\/\/zjarr.tv\/sq\/wp-json\/wp\/v2\/media\/123342"}],"wp:attachment":[{"href":"https:\/\/zjarr.tv\/sq\/wp-json\/wp\/v2\/media?parent=123341"}],"wp:term":[{"taxonomy":"category","embeddable":true,"href":"https:\/\/zjarr.tv\/sq\/wp-json\/wp\/v2\/categories?post=123341"},{"taxonomy":"post_tag","embeddable":true,"href":"https:\/\/zjarr.tv\/sq\/wp-json\/wp\/v2\/tags?post=123341"}],"curies":[{"name":"wp","href":"https:\/\/api.w.org\/{rel}","templated":true}]}}