{"id":123350,"date":"2020-03-05T15:01:13","date_gmt":"2020-03-05T14:01:13","guid":{"rendered":"https:\/\/zjarr.tv\/?p=123350"},"modified":"2020-03-05T15:01:13","modified_gmt":"2020-03-05T14:01:13","slug":"shkon-ne-88-numri-i-magjistrateve-te-shkarkuar-largohen-haluci-dhe-mustafaj","status":"publish","type":"post","link":"https:\/\/zjarr.tv\/sq\/shkon-ne-88-numri-i-magjistrateve-te-shkarkuar-largohen-haluci-dhe-mustafaj\/","title":{"rendered":"Shkon n\u00eb 88 numri i magjistrat\u00ebve t\u00eb shkarkuar, largohen Haluci dhe Mustafaj"},"content":{"rendered":"<p><em>Komisioni i Pavarur i Kualifikimit ka larguar nga sistemi dy gjyqtar\u00eb t\u00eb \u00a0tjer\u00eb t\u00eb cil\u00ebt pat\u00ebn probleme me pasurin\u00eb. \u00a0Kryetari i Gjykat\u00ebs s\u00eb Vlor\u00ebs Sk\u00ebnd\u00ebr Haluci dhe ish kryetari i trup\u00ebs gjyq\u00ebsor\u00eb t\u00eb \u00e7\u00ebshtjes ndaj Saimir Tahirit, Ardit Mustafaj jan\u00eb shkarkuar nga detyra. Me keto vendime shkon ne 88 numri i magjistrat\u00ebve t\u00eb larguar nga sistemi si pasoj\u00eb e vettingut.<\/em><\/p>\n<p>Komisioni i Pavarur Kualifikimit ka shkarkuar nga detyra gjyqtarin e Gjykat\u00ebs s\u00eb Posa\u00e7me Antikorrupsion\u00a0Ardit Musatafaj, i njohur si kryetari i treshes gjykuese ndaj ish Ministrit t\u00eb Brendsh\u00ebm Samir \u00a0Tahiri dhe shum\u00eb \u00e7\u00ebshtjeve t\u00eb tjera t\u00eb gjykuara nga Gjykata e Krimeve t\u00eb R\u00ebnda<\/p>\n<p>Po k\u00ebt\u00eb fat pati edhe kryetari i gjykat\u00ebs s\u00eb Vlor\u00ebs\u00a0Sk\u00ebnder Haluci.<\/p>\n<p>Haluci \u00a0ka q\u00ebndruar p\u00ebr 7 vjet ne krye te gjykat\u00ebs s\u00eb qytetit bregdetar. Gjat\u00eb \u00a0procesit t\u00eb vettingut ai k\u00ebrkoi largimin e trupit gjykues por kjo k\u00ebrkes\u00eb nuk u pranua. Me k\u00ebto dy vendime ka shkuar n\u00eb 88 numri i gjyqtar\u00ebve dhe prokuror\u00ebve t\u00eb \u00a0larguar nga sistemi nga shkalla e par\u00eb e vettingut e cila ka konfirmuar 101 gjyqtar\u00eb dhe prokuror\u00eb \u00a0ka nd\u00ebrprer\u00eb procesin e vettingut p\u00ebr 26 subjekte, p\u00ebr 8 magjistrat\u00eb ka vendosur pushim t\u00eb procesit \u00a016 ka p\u00ebrfunduar procesin pa nj\u00eb vendim p\u00ebrfundimtar nd\u00ebrsa vet\u00ebm 1 ka vendosur pezullim nga detyra.<\/p>\n<p>Vettingu ka dy vjet q\u00eb ka nisur nd\u00ebrsa \u00a0n\u00eb filter pritet t\u00eb kalojn\u00eb rreth 800 gjyqtar\u00eb dhe prokuror\u00eb. Nd\u00ebrkoh\u00eb n\u00eb KPA komisioneri Publik ka k\u00ebrkuar shkarkimin nga detyra t\u00eb an\u00ebtarit t\u00eb KLP-s\u00eb Arben Dollapi \u00a0vendim i cili pritet t\u00eb jepet n\u00eb 12 mars.<\/p>\n","protected":false},"excerpt":{"rendered":"<p>Komisioni i Pavarur i Kualifikimit ka larguar nga sistemi dy gjyqtar\u00eb t\u00eb \u00a0tjer\u00eb t\u00eb cil\u00ebt pat\u00ebn probleme me pasurin\u00eb. \u00a0Kryetari i Gjykat\u00ebs s\u00eb Vlor\u00ebs Sk\u00ebnd\u00ebr Haluci dhe ish kryetari i trup\u00ebs gjyq\u00ebsor\u00eb t\u00eb \u00e7\u00ebshtjes ndaj Saimir Tahirit, Ardit Mustafaj jan\u00eb shkarkuar nga detyra. Me keto vendime shkon ne 88 numri i magjistrat\u00ebve t\u00eb larguar nga [&hellip;]<\/p>\n","protected":false},"author":2013,"featured_media":123351,"comment_status":"open","ping_status":"closed","sticky":false,"template":"","format":"standard","meta":{"footnotes":""},"categories":[241,235],"tags":[],"class_list":{"0":"post-123350","1":"post","2":"type-post","3":"status-publish","4":"format-standard","5":"has-post-thumbnail","7":"category-aktualitet","8":"category-vendi"},"_links":{"self":[{"href":"https:\/\/zjarr.tv\/sq\/wp-json\/wp\/v2\/posts\/123350","targetHints":{"allow":["GET"]}}],"collection":[{"href":"https:\/\/zjarr.tv\/sq\/wp-json\/wp\/v2\/posts"}],"about":[{"href":"https:\/\/zjarr.tv\/sq\/wp-json\/wp\/v2\/types\/post"}],"author":[{"embeddable":true,"href":"https:\/\/zjarr.tv\/sq\/wp-json\/wp\/v2\/users\/2013"}],"replies":[{"embeddable":true,"href":"https:\/\/zjarr.tv\/sq\/wp-json\/wp\/v2\/comments?post=123350"}],"version-history":[{"count":0,"href":"https:\/\/zjarr.tv\/sq\/wp-json\/wp\/v2\/posts\/123350\/revisions"}],"wp:featuredmedia":[{"embeddable":true,"href":"https:\/\/zjarr.tv\/sq\/wp-json\/wp\/v2\/media\/123351"}],"wp:attachment":[{"href":"https:\/\/zjarr.tv\/sq\/wp-json\/wp\/v2\/media?parent=123350"}],"wp:term":[{"taxonomy":"category","embeddable":true,"href":"https:\/\/zjarr.tv\/sq\/wp-json\/wp\/v2\/categories?post=123350"},{"taxonomy":"post_tag","embeddable":true,"href":"https:\/\/zjarr.tv\/sq\/wp-json\/wp\/v2\/tags?post=123350"}],"curies":[{"name":"wp","href":"https:\/\/api.w.org\/{rel}","templated":true}]}}