{"id":123353,"date":"2020-03-05T15:11:36","date_gmt":"2020-03-05T14:11:36","guid":{"rendered":"https:\/\/zjarr.tv\/?p=123353"},"modified":"2020-03-05T15:11:36","modified_gmt":"2020-03-05T14:11:36","slug":"rama-shperthen-kunder-ilir-metes-ka-arsye-te-jetoje-ne-nje-moment-o-sot-o-kurre","status":"publish","type":"post","link":"https:\/\/zjarr.tv\/sq\/rama-shperthen-kunder-ilir-metes-ka-arsye-te-jetoje-ne-nje-moment-o-sot-o-kurre\/","title":{"rendered":"Rama shp\u00ebrthen kund\u00ebr Ilir Met\u00ebs: Ka arsye t\u00eb jetoj\u00eb n\u00eb nj\u00eb moment &#8220;o sot o kurr\u00eb&#8221;"},"content":{"rendered":"<p>N\u00eb 30 minutat e para t\u00eb fjal\u00ebs se tij Kryeministri Edi Rama nga foltorja e Parlamentit shp\u00ebrtheu n\u00eb akuza ndaj t\u00eb gjith\u00eb \u00a0atyre q\u00eb shqet\u00ebsohen p\u00ebr c\u00ebnimin e t\u00eb drejtave t\u00eb njeriut nga ligji special antiK\u00c7K!<\/p>\n<p><strong>Edi Rama:<\/strong>\u00a0<em>Nga mediat, deri tek ai i ashtuquajturi Presidenti i Republik\u00ebs, nga opozitat deri tek Avokati i Popullit, p\u00ebr ti qar\u00eb hallin t\u00eb shkret\u00ebve q\u00eb kan\u00eb vrar\u00eb, kan\u00eb trafikuar cfar\u00eb kan\u00eb mundur, q\u00eb kan\u00eb grabitur pronat.<\/em><\/p>\n<p>Nga k\u00ebto reagime me zhg\u00ebnjyes Edi Rama ka mbetur nga ish aleati i tij, sot n\u00eb detyr\u00ebn e Presidentit.<\/p>\n<p>Madje Kryeministri u shpreh i shqet\u00ebsuar edhe p\u00ebr flamurin amerikan n\u00eb manifestin e 2 marsit.<\/p>\n<p>Nd\u00ebrsa nga ana tjet\u00ebr p\u00ebr PD shprehu keqardhje, duke i treguar Lulzim Bash\u00ebs q\u00eb alternativa m\u00eb e mir\u00eb p\u00ebr t\u00eb \u00ebsht\u00eb Edi Rama.<\/p>\n<p><strong>Edi Rama:<\/strong>\u00a0<em>Ai \u00ebsht\u00eb thjesht ku rafsha mos u vrafsha, kur bie n\u00eb duar t\u00eb mir\u00eb si\u00e7 ra tek un\u00eb i vijn\u00eb t\u00eb mira q\u00eb ai pastaj nuk i kupton, se i shkojn\u00eb ata dhe i thon\u00eb t\u00eb mori n\u00eb qaf\u00eb.\u00a0<\/em><\/p>\n<p>Aktin normativ antiKCK, shefi i qeveris\u00eb e mbrojti jo vet\u00ebm me tone t\u00eb larta por edhe me gjuh\u00ebn e trupit.<\/p>\n<p>Ironit\u00eb dhe batutat tij me deputet\u00ebt e opozit\u00ebs s\u00eb re s\u00ebrish i lidhi me figur\u00ebn e Ilir Met\u00ebs.<\/p>\n<p><strong>Edi Rama:<\/strong>\u00a0<em>Mos m\u00eb fol p\u00ebr dashurin\u00eb se je k\u00ebtu sh\u00ebmb\u00eblltyra m\u00eb kuptimplot\u00eb e nj\u00eb dashurie t\u00eb kaluar n\u00eb xhelozi dhe nj\u00eb xhelozie t\u00eb kaluar n\u00eb urrejtje.<\/em><\/p>\n<p>Dhe n\u00eb fund i b\u00ebri thirrje shqiptar\u00ebve t\u00eb deklarojn\u00eb pasurit\u00eb e tyre para se OFL t\u2019ju m\u00ebsyj\u00eb p\u00ebr sekuestrimin e aseteve!<\/p>\n<p><strong><u>Pjes\u00eb nga deklarata e Ram\u00ebs<\/u><\/strong><\/p>\n<p><em>Si mund t\u00eb sulmohet nga maja e piramid\u00ebs ministrja e Drejt\u00ebsis\u00eb q\u00eb ka hapur nj\u00eb llogari me ata, duke konceptuar 41 bis. E dini ju ca \u00ebsht\u00eb apo nuk e dini?? \u00cbsht\u00eb regjimi i izolimit t\u00eb kriminel\u00ebve e mafioz\u00ebve, q\u00eb n\u00eb vendin fqinj q\u00eb solli aq shum\u00eb telashe p\u00ebr jo shum\u00eb pak njer\u00ebz q\u00eb e ngrit\u00ebn at\u00eb regjim. Nd\u00ebrkoh\u00eb mbrohen demon\u00ebt, ata q\u00eb jan\u00eb t\u00eb d\u00ebnuar, t\u00eb d\u00ebnuar nga gjykata, jo t\u00eb dyshuar nga policia. E kam p\u00ebr t\u00eb gjith\u00eb ata q\u00eb flasin p\u00ebr shtet policor.<\/em><\/p>\n<p><em>Jan\u00eb njer\u00ebz q\u00eb \u00e7ohen te SPAK jo si t\u00eb dyshuar, por si t\u00eb d\u00ebnuar q\u00eb posedojn\u00eb asete q\u00eb jan\u00eb qart\u00ebsisht produkt i dyshimt\u00eb. Nga vijn\u00eb k\u00ebto pasuri dhe si mundet q\u00eb t\u00eb arrihet n\u00eb k\u00ebt\u00eb absurd, q\u00eb t\u00eb konsiderohet kapje e shtetit fakti q\u00eb akti normativ i imponon ministrit t\u00eb Brendsh\u00ebm dhe organeve t\u00eb drejt\u00ebsis\u00eb t\u00eb ulen n\u00eb tryez\u00ebn e bashk\u00ebrendimit t\u00eb gjith\u00eb k\u00ebtij operacionit. K\u00ebto jan\u00eb bro\u00e7kulla<\/em><\/p>\n<p><em>Si mundet q\u00eb at\u00eb q\u00eb Italia b\u00ebri n\u00eb fillim t\u00eb viteve 90 q\u00eb p\u00ebrkufizoi momentin e zbythjesh s\u00eb mafies dhe t\u00eb shkat\u00ebrrimit t\u00eb saj ekzakt\u00ebsisht n\u00eb t\u00eb nj\u00ebjt\u00ebn m\u00ebnyr\u00eb, k\u00ebtu n\u00eb vitin 2020 t\u00eb \u00e7ohen autoritete publike, por edhe shtet\u00ebrore, si ai q\u00eb rri n\u00eb maj t\u00eb piramid\u00ebs dhe k\u00ebrkon revolucione dhe ta konsiderojn\u00eb m\u00ebkat t\u00eb qeveris\u00eb, nj\u00eb m\u00ebkat aq t\u00eb madh saq\u00eb jepet si prova p\u00ebr ta shporuar k\u00ebt\u00eb qeveri.<\/em><\/p>\n<p><em>Ashtu \u00ebsht\u00eb n\u00eb fakt, sepse t\u00eb gjith\u00eb k\u00ebta&#8230;un\u00eb nuk mund t\u00eb them se zotrote \u00a0je i motivuar p\u00ebr t\u00eb nj\u00ebjtat arsye, jo sepse nuk t\u00eb njoh nga vjen, por nuk t\u00eb kam par\u00eb asnj\u00ebher\u00eb t\u00eb shfaqur n\u00eb ndonj\u00eb lidhje direkete ose indirekte me k\u00ebto subjekte, por shum\u00eb t\u00eb tjer\u00eb kan\u00eb arsye ta shohin k\u00ebt\u00eb moment, si nj\u00eb moment o sot o kurr\u00eb. Ilir Meta ka arsye t\u00eb jetoj\u00eb n\u00eb nj\u00eb moment o sot o kurr\u00eb.<\/em><\/p>\n<p><em>Sot vija ndar\u00ebse mes t\u00eb shkuar\u00ebs dhe t\u00eb ardhmes po b\u00ebhet gjithmon\u00eb \u00a0e pafshir\u00eb me gom\u00ebn e pazareve politike kur vjen puna te drejt\u00ebsia. Sot gjykat\u00ebsit e korruptuar nuk jan\u00eb garanci, por jan\u00eb dhe do t\u00eb jen\u00eb n\u00eb hallin e tyre. Sepse sot \u00ebsht\u00eb marr\u00eb nj\u00eb vendim ekstrem p\u00ebr ti dh\u00ebn\u00eb nj\u00eb d\u00ebrrme krimit t\u00eb organizuar.<\/em><\/p>\n<p><em>Un\u00eb po ju them kaq, doni nuk doni ju krimin e organizuar ne do ta fusim brenda perimet\u00ebr t\u00eb vet.<\/em><\/p>\n<p><strong>Rama: KCK, fytyra e qeveris\u00eb<\/strong><\/p>\n<p><em>\u00cbsht\u00eb e v\u00ebrtet\u00eb paketa anti KCK \u00ebsht\u00eb fytyra e qeveris\u00eb son\u00eb, 100%.<\/em><\/p>\n<p><em>Nga ana tjet\u00ebr ju siguroj se shqiptar\u00ebt nuk pyesin p\u00ebr syzet e diellit pa dit\u00eb me shi t\u00eb asaj vajz\u00ebs, por pyesin \u00e7do dit\u00eb e m\u00eb shum\u00eb p\u00ebr shiun e lot\u00ebve t\u00eb shum\u00ebkujt q\u00eb ka nj\u00eb z\u00eb n\u00eb publik p\u00ebrfshir\u00eb edhe juve, p\u00ebr ata q\u00eb ua kan\u00eb fshir\u00eb diellin nga syt\u00eb, viktima t\u00eb krimit t\u00eb organizuar<\/em><\/p>\n<p><em>P\u00ebr ata q\u00eb u kan\u00eb fshir\u00eb diellin nga syt\u00eb t\u00eb mij\u00ebra vajzave t\u00eb trafikuara n\u00eb rrug\u00ebt e Evrop\u00ebs.<\/em><\/p>\n<p><em>I kan\u00eb fshir\u00eb diellin nga syt\u00eb mij\u00ebra prind\u00ebrve q\u00eb i shikojn\u00eb f\u00ebmij\u00ebt t\u00eb droguar.<\/em><\/p>\n<p><em>I kan\u00eb fshir\u00eb diellin nga syt\u00eb shum\u00eb jetimeve q\u00eb kan\u00eb mbetur pa baballar\u00eb q\u00eb ja kan\u00eb vrar\u00eb k\u00ebta.<\/em><\/p>\n","protected":false},"excerpt":{"rendered":"<p>N\u00eb 30 minutat e para t\u00eb fjal\u00ebs se tij Kryeministri Edi Rama nga foltorja e Parlamentit shp\u00ebrtheu n\u00eb akuza ndaj t\u00eb gjith\u00eb \u00a0atyre q\u00eb shqet\u00ebsohen p\u00ebr c\u00ebnimin e t\u00eb drejtave t\u00eb njeriut nga ligji special antiK\u00c7K! Edi Rama:\u00a0Nga mediat, deri tek ai i ashtuquajturi Presidenti i Republik\u00ebs, nga opozitat deri tek Avokati i Popullit, p\u00ebr [&hellip;]<\/p>\n","protected":false},"author":2013,"featured_media":123354,"comment_status":"open","ping_status":"closed","sticky":false,"template":"","format":"standard","meta":{"footnotes":""},"categories":[241,235],"tags":[],"class_list":{"0":"post-123353","1":"post","2":"type-post","3":"status-publish","4":"format-standard","5":"has-post-thumbnail","7":"category-aktualitet","8":"category-vendi"},"_links":{"self":[{"href":"https:\/\/zjarr.tv\/sq\/wp-json\/wp\/v2\/posts\/123353","targetHints":{"allow":["GET"]}}],"collection":[{"href":"https:\/\/zjarr.tv\/sq\/wp-json\/wp\/v2\/posts"}],"about":[{"href":"https:\/\/zjarr.tv\/sq\/wp-json\/wp\/v2\/types\/post"}],"author":[{"embeddable":true,"href":"https:\/\/zjarr.tv\/sq\/wp-json\/wp\/v2\/users\/2013"}],"replies":[{"embeddable":true,"href":"https:\/\/zjarr.tv\/sq\/wp-json\/wp\/v2\/comments?post=123353"}],"version-history":[{"count":0,"href":"https:\/\/zjarr.tv\/sq\/wp-json\/wp\/v2\/posts\/123353\/revisions"}],"wp:featuredmedia":[{"embeddable":true,"href":"https:\/\/zjarr.tv\/sq\/wp-json\/wp\/v2\/media\/123354"}],"wp:attachment":[{"href":"https:\/\/zjarr.tv\/sq\/wp-json\/wp\/v2\/media?parent=123353"}],"wp:term":[{"taxonomy":"category","embeddable":true,"href":"https:\/\/zjarr.tv\/sq\/wp-json\/wp\/v2\/categories?post=123353"},{"taxonomy":"post_tag","embeddable":true,"href":"https:\/\/zjarr.tv\/sq\/wp-json\/wp\/v2\/tags?post=123353"}],"curies":[{"name":"wp","href":"https:\/\/api.w.org\/{rel}","templated":true}]}}