{"id":123362,"date":"2020-03-05T15:43:06","date_gmt":"2020-03-05T14:43:06","guid":{"rendered":"https:\/\/zjarr.tv\/?p=123362"},"modified":"2020-03-05T15:43:06","modified_gmt":"2020-03-05T14:43:06","slug":"manja-ja-pse-ka-rendesi-anti-kck","status":"publish","type":"post","link":"https:\/\/zjarr.tv\/sq\/manja-ja-pse-ka-rendesi-anti-kck\/","title":{"rendered":"Manja: Ja pse ka r\u00ebnd\u00ebsi Anti K\u00c7K"},"content":{"rendered":"<p>Kreu i Komisionit t\u00eb Ligjeve, deputeti socialist, Ulsi Manja, sqaroi n\u00eb Kuvend arsyet pse duhet miratuar ligji \u201cANTI-K\u00c7K\u201d. Manja tha se p\u00ebr gjyqtar\u00ebt dhe prokuror\u00ebt \u00ebsht\u00eb Vettingu, p\u00ebr politikan\u00ebt \u00ebsht\u00eb ILDKP dhe SPAK, nd\u00ebrsa p\u00ebr t\u00eb d\u00ebnuarit p\u00ebr vepra t\u00eb r\u00ebnda penale duhet t\u00eb jet\u00eb OFL. Sipas tij, Akti Normativ ka r\u00ebnd\u00ebsi, pasi n\u00eb baz\u00eb t\u00eb tij, do duhet q\u00eb t\u00eb d\u00ebnuarit p\u00ebr krime t\u00eb r\u00ebnda t\u00eb justifikojn\u00eb burimin e pasurive t\u00eb tyre.<\/p>\n<p>\u201cJan\u00eb ngritur pik\u00ebpyetje me kushtetushm\u00ebrin\u00eb e aktit normativ. Un\u00eb kam nj\u00eb q\u00ebndrim shum\u00eb t\u00eb thjesht\u00eb, jam pro k\u00ebtij akti normativ, sepse n\u00eb standardet e reformave q\u00eb ka vendosur mazhoranca, ka nj\u00eb reform\u00eb n\u00eb drejt\u00ebsi dhe p\u00ebr gjyqtar\u00ebt e prokuror\u00ebt ka vetting, p\u00ebr politikan\u00ebt ka ILDKP dhe SPAK, nd\u00ebrsa p\u00ebr t\u00eb d\u00ebnuarit p\u00ebr veprat penale t\u00eb r\u00ebnda do t\u00eb ket\u00eb OFL. Akti normativ \u00ebsht\u00eb nj\u00eb form\u00eb e deklarimit t\u00eb pasuris\u00eb p\u00ebr personat e d\u00ebnuar dhe q\u00eb do t\u00eb ken\u00eb barr\u00ebn e prov\u00ebs p\u00ebr t\u00eb provuar pasurin\u00eb e tyre dhe se vjen nga burime t\u00eb ligjshme.<\/p>\n<p>Ky akt normativ ka trazuar uj\u00ebrat e ndenjura p\u00ebr 30 vjet, n\u00eb t\u00eb gjitha sferat e jet\u00ebs shoq\u00ebris\u00eb, n\u00eb politik, biznes, etj, por ja q\u00eb erdh\u00ebm n\u00eb miratimin e k\u00ebtij akti normativ. P\u00ebr t\u00eb gjith\u00eb ata q\u00eb kan\u00eb merak se me k\u00ebt\u00eb akt kufizohen disa t\u00eb drejta kushtetuese t\u00eb rrin\u00eb t\u00eb qet\u00eb se nuk kufizohet asnj\u00eb e drejt\u00eb. Ky ligj special e justifikon nevoj\u00ebn q\u00eb kemi. Akt ka efekte deri m\u00eb 30 dhjetor 2020, por n\u00ebse efikasiteti i tij do t\u00eb k\u00ebrkoj\u00eb ta shtyjm\u00eb p\u00ebrtej, pse jo Parlamenti do duhet t\u2019ia jap\u00eb k\u00ebt\u00eb mund\u00ebsi institucioneve p\u00ebr ta zbatuar deri n\u00eb fund.<\/p>\n<p>Me k\u00ebt\u00eb akt nuk goditen gjith\u00eb qytetar\u00ebt, ata t\u00eb rrin\u00eb t\u00eb qet\u00eb, subjekte do t\u00eb jen\u00eb vet\u00ebm personat e d\u00ebnuar brenda dhe jasht\u00eb vendit p\u00ebr veprat krim i organizuar, krime t\u00eb r\u00ebnda, aktivitete terroriste, apo subjekte q\u00eb financojn\u00eb terrorizmin. Nd\u00ebrsa p\u00ebr qytetar\u00ebt do t\u00eb ket\u00eb amnisti fiskale\u201d, tha Manja.<\/p>\n","protected":false},"excerpt":{"rendered":"<p>Kreu i Komisionit t\u00eb Ligjeve, deputeti socialist, Ulsi Manja, sqaroi n\u00eb Kuvend arsyet pse duhet miratuar ligji \u201cANTI-K\u00c7K\u201d. Manja tha se p\u00ebr gjyqtar\u00ebt dhe prokuror\u00ebt \u00ebsht\u00eb Vettingu, p\u00ebr politikan\u00ebt \u00ebsht\u00eb ILDKP dhe SPAK, nd\u00ebrsa p\u00ebr t\u00eb d\u00ebnuarit p\u00ebr vepra t\u00eb r\u00ebnda penale duhet t\u00eb jet\u00eb OFL. Sipas tij, Akti Normativ ka r\u00ebnd\u00ebsi, pasi n\u00eb baz\u00eb [&hellip;]<\/p>\n","protected":false},"author":2013,"featured_media":123363,"comment_status":"open","ping_status":"closed","sticky":false,"template":"","format":"standard","meta":{"footnotes":""},"categories":[241,235],"tags":[],"class_list":{"0":"post-123362","1":"post","2":"type-post","3":"status-publish","4":"format-standard","5":"has-post-thumbnail","7":"category-aktualitet","8":"category-vendi"},"_links":{"self":[{"href":"https:\/\/zjarr.tv\/sq\/wp-json\/wp\/v2\/posts\/123362","targetHints":{"allow":["GET"]}}],"collection":[{"href":"https:\/\/zjarr.tv\/sq\/wp-json\/wp\/v2\/posts"}],"about":[{"href":"https:\/\/zjarr.tv\/sq\/wp-json\/wp\/v2\/types\/post"}],"author":[{"embeddable":true,"href":"https:\/\/zjarr.tv\/sq\/wp-json\/wp\/v2\/users\/2013"}],"replies":[{"embeddable":true,"href":"https:\/\/zjarr.tv\/sq\/wp-json\/wp\/v2\/comments?post=123362"}],"version-history":[{"count":0,"href":"https:\/\/zjarr.tv\/sq\/wp-json\/wp\/v2\/posts\/123362\/revisions"}],"wp:featuredmedia":[{"embeddable":true,"href":"https:\/\/zjarr.tv\/sq\/wp-json\/wp\/v2\/media\/123363"}],"wp:attachment":[{"href":"https:\/\/zjarr.tv\/sq\/wp-json\/wp\/v2\/media?parent=123362"}],"wp:term":[{"taxonomy":"category","embeddable":true,"href":"https:\/\/zjarr.tv\/sq\/wp-json\/wp\/v2\/categories?post=123362"},{"taxonomy":"post_tag","embeddable":true,"href":"https:\/\/zjarr.tv\/sq\/wp-json\/wp\/v2\/tags?post=123362"}],"curies":[{"name":"wp","href":"https:\/\/api.w.org\/{rel}","templated":true}]}}