{"id":123365,"date":"2020-03-05T15:44:40","date_gmt":"2020-03-05T14:44:40","guid":{"rendered":"https:\/\/zjarr.tv\/?p=123365"},"modified":"2020-03-05T15:44:40","modified_gmt":"2020-03-05T14:44:40","slug":"presidenti-bullgar-takon-rucin-do-lobojme-fuqishem-per-celjen-sa-me-shpejt-te-negociatave-te-shqiperise-me-be","status":"publish","type":"post","link":"https:\/\/zjarr.tv\/sq\/presidenti-bullgar-takon-rucin-do-lobojme-fuqishem-per-celjen-sa-me-shpejt-te-negociatave-te-shqiperise-me-be\/","title":{"rendered":"Presidenti bullgar takon Ru\u00e7in: Do lobojm\u00eb fuqish\u00ebm p\u00ebr \u00e7eljen sa m\u00eb shpejt t\u00eb negociatave t\u00eb Shqip\u00ebris\u00eb me BE!"},"content":{"rendered":"<p>Kryetari i Kuvendit, Gramoz Ru\u00e7i, priti sot Presidentin e Bullgaris\u00eb, Rumen Radev, i cili ndodhet p\u00ebr vizit\u00eb zyrtare n\u00eb Shqip\u00ebri.<\/p>\n<p>Kryetari Ru\u00e7i e uroi Presidentin Radev p\u00ebr 142 vjetorin e Dit\u00ebs Komb\u00ebtare t\u00eb Bullgaris\u00eb, vler\u00ebsoi bashk\u00ebpunimin e shk\u00eblqyer politik midis t\u00eb dy vendeve dhe n\u00ebnvizoi se ky bashk\u00ebpunim i ka rr\u00ebnj\u00ebt n\u00eb mirekuptimin e plot\u00eb dhe marr\u00ebdh\u00ebniet tradicionale midis dy popujve tan\u00eb.<\/p>\n<p>Kryetari i Kuvendit Gramoz Ru\u00e7i n\u00ebnvizoi se \u201cNe i jemi mir\u00ebnjoh\u00ebs Bullgaris\u00eb p\u00ebr mb\u00ebshtetjen e fuqishme dhe t\u00eb vazhdueshme p\u00ebr rrug\u00ebtimin europian t\u00eb Shqip\u00ebris\u00eb dhe \u00e7eljen sa m\u00eb shpejt t\u00eb negociatave dhe jemi t\u00eb bindur se kjo mb\u00ebshtetje do t\u00eb vazhdoj\u00eb dhe do t\u00eb kuror\u00ebzohet gjat\u00eb Presidenc\u00ebs kroate.\u201d<\/p>\n<p>Bashk\u00ebpunimi dypal\u00ebsh, vuri n\u00eb dukje Kryetari Ru\u00e7i, ka ende mund\u00ebsi t\u00eb rritet e zgjerohet n\u00eb fush\u00ebn ekonomike, treg\u00ebtare dhe rritjen e investimeve bullgare n\u00eb Shqip\u00ebri. Si fusha prioritare z. Ru\u00e7i vler\u00ebsoi transportin ajror, hekurudhor e rrugor, turizmin, arsimin, kultur\u00ebn etj.<\/p>\n<p>Ru\u00e7i e falenderoi Presidentin Radev p\u00ebr mb\u00ebshtetjen q\u00eb Bullgaria i jep Kosov\u00ebs dhe shprehu bindjen q\u00eb kjo mb\u00ebshtetje do t\u00eb vazhdoj\u00eb p\u00ebr liberalizimin e vizave dhe an\u00ebtar\u00ebsimin n\u00eb organizatat nd\u00ebrkomb\u00ebtare.<\/p>\n<p>Shqip\u00ebri do t\u00eb rris\u00eb bashk\u00ebpunimin me Bullgarin\u00eb edhe p\u00ebr \u00e7\u00ebshtjet e zhvillimet rajonale, n\u00eb sh\u00ebrbim t\u00eb zhvillimit, paqes, siguris\u00eb dhe stabilitetit n\u00eb Ballkanin Per\u00ebndimor e m\u00eb gjer\u00eb.<\/p>\n<p>Presidenti Rumen Radev falenderoi Kryetarin e Kuvendit Gramoz Ru\u00e7i p\u00ebr fjal\u00ebt e ngrohta dhe vler\u00ebsimin e bashk\u00ebpunimit shqiptaro-bullgar.<\/p>\n<p>\u201cBullgaria do t\u00eb vazhdoj\u00eb t\u00eb mb\u00ebshtes\u00eb e t\u00eb loboj\u00eb fuqish\u00ebm p\u00ebr \u00e7eljen sa m\u00eb shpejt t\u00eb negociatave dhe do ta p\u00ebrs\u00ebris\u00eb q\u00ebndrimin e saj n\u00eb Samitin e Zagrebit. Ne do t\u00eb mb\u00ebshtesim rekomandimin pozitiv t\u00eb Komisionit Europian t\u00eb 2 marsit sepse jemi t\u00eb bindur p\u00ebr rezultatet e Shqip\u00ebris\u00eb n\u00eb fush\u00ebn e reformave dhe prioritetet ky\u00e7e.\u201d, vuri n\u00eb dukje Presidenti Radev.<\/p>\n<p>Presidenti Radev falenderoi Shqip\u00ebrin\u00eb p\u00ebr njohjen e pakic\u00ebs bullgare dhe respektimin e t\u00eb drejtave t\u00eb saj, duke i vler\u00ebsuar pakicat si ura t\u00eb mrekullueshme p\u00ebr miq\u00ebsin\u00eb midis t\u00eb dy vendeve.<\/p>\n<p>Presidenti Radev vler\u00ebsoi kontributin e Kuvendit n\u00eb fuqizimin e sistemit demokratik n\u00eb Shqip\u00ebri dhe vuri n\u00eb dukje se Parlamenti \u00ebsht\u00eb institucioni m\u00eb demokratik n\u00eb nj\u00eb shoq\u00ebri demokratike.<\/p>\n","protected":false},"excerpt":{"rendered":"<p>Kryetari i Kuvendit, Gramoz Ru\u00e7i, priti sot Presidentin e Bullgaris\u00eb, Rumen Radev, i cili ndodhet p\u00ebr vizit\u00eb zyrtare n\u00eb Shqip\u00ebri. Kryetari Ru\u00e7i e uroi Presidentin Radev p\u00ebr 142 vjetorin e Dit\u00ebs Komb\u00ebtare t\u00eb Bullgaris\u00eb, vler\u00ebsoi bashk\u00ebpunimin e shk\u00eblqyer politik midis t\u00eb dy vendeve dhe n\u00ebnvizoi se ky bashk\u00ebpunim i ka rr\u00ebnj\u00ebt n\u00eb mirekuptimin e plot\u00eb [&hellip;]<\/p>\n","protected":false},"author":2013,"featured_media":123366,"comment_status":"open","ping_status":"closed","sticky":false,"template":"","format":"standard","meta":{"footnotes":""},"categories":[241,235],"tags":[],"class_list":{"0":"post-123365","1":"post","2":"type-post","3":"status-publish","4":"format-standard","5":"has-post-thumbnail","7":"category-aktualitet","8":"category-vendi"},"_links":{"self":[{"href":"https:\/\/zjarr.tv\/sq\/wp-json\/wp\/v2\/posts\/123365","targetHints":{"allow":["GET"]}}],"collection":[{"href":"https:\/\/zjarr.tv\/sq\/wp-json\/wp\/v2\/posts"}],"about":[{"href":"https:\/\/zjarr.tv\/sq\/wp-json\/wp\/v2\/types\/post"}],"author":[{"embeddable":true,"href":"https:\/\/zjarr.tv\/sq\/wp-json\/wp\/v2\/users\/2013"}],"replies":[{"embeddable":true,"href":"https:\/\/zjarr.tv\/sq\/wp-json\/wp\/v2\/comments?post=123365"}],"version-history":[{"count":0,"href":"https:\/\/zjarr.tv\/sq\/wp-json\/wp\/v2\/posts\/123365\/revisions"}],"wp:featuredmedia":[{"embeddable":true,"href":"https:\/\/zjarr.tv\/sq\/wp-json\/wp\/v2\/media\/123366"}],"wp:attachment":[{"href":"https:\/\/zjarr.tv\/sq\/wp-json\/wp\/v2\/media?parent=123365"}],"wp:term":[{"taxonomy":"category","embeddable":true,"href":"https:\/\/zjarr.tv\/sq\/wp-json\/wp\/v2\/categories?post=123365"},{"taxonomy":"post_tag","embeddable":true,"href":"https:\/\/zjarr.tv\/sq\/wp-json\/wp\/v2\/tags?post=123365"}],"curies":[{"name":"wp","href":"https:\/\/api.w.org\/{rel}","templated":true}]}}