{"id":123377,"date":"2020-03-06T11:26:55","date_gmt":"2020-03-06T10:26:55","guid":{"rendered":"https:\/\/zjarr.tv\/?p=123377"},"modified":"2020-03-06T11:26:55","modified_gmt":"2020-03-06T10:26:55","slug":"presidenti-meta-dolli-me-homologun-e-bullgarise","status":"publish","type":"post","link":"https:\/\/zjarr.tv\/sq\/presidenti-meta-dolli-me-homologun-e-bullgarise\/","title":{"rendered":"Presidenti Meta dolli me homologun e Bullgaris\u00eb"},"content":{"rendered":"<p>Presidenti Ilir Meta ka pritur homologun e tij t\u00eb Bullgaris\u00eb, Rumen Radev, ku ka ngritur edhe nj\u00eb dolli me t\u00eb.<\/p>\n<p>N\u00eb facbook, Meta thot\u00eb se Bullgaria ka qen\u00eb streha e sigurt e shum\u00eb patriot\u00ebve tan\u00eb gjat\u00eb Rilindjes Komb\u00ebtare n\u00eb luft\u00ebn p\u00ebr p\u00ebrhapjen e gjuh\u00ebs shqipe dhe arritjen e Pavar\u00ebsis\u00eb.<\/p>\n<p><strong>Postimi i Presidentit Ilir Meta<\/strong><\/p>\n<p><em>I lumtur t\u00eb ngrija nj\u00eb dolli me Presidentin Radev p\u00ebr miq\u00ebsin\u00eb e fort\u00eb t\u00eb dy popujve tan\u00eb!<\/em><\/p>\n<p><em>Bullgaria ishte streha e sigurt e shum\u00eb patriot\u00ebve tan\u00eb gjat\u00eb Rilindjes Komb\u00ebtare n\u00eb luft\u00ebn p\u00ebr p\u00ebrhapjen e gjuh\u00ebs shqipe dhe arritjen e Pavar\u00ebsis\u00eb. N\u00eb Sofje, Shahin Kolonja, Kristo Luarasi, Mithat Frash\u00ebri etj., n\u00eb shtypshkronj\u00ebn \u201cMbroth\u00ebsia\u201d botuan abetare pafund dhe gazet\u00ebn &#8220;Drita&#8221; p\u00ebr t&#8217;i shp\u00ebrndar\u00eb kudo n\u00eb Atdhe me q\u00ebllim lart\u00ebsimin e ndjenjave komb\u00ebtare dhe mobilizimin p\u00ebr kryengritjet finale q\u00eb do sillnin Pavar\u00ebsin\u00eb ton\u00eb n\u00eb 28 n\u00ebntor 1912. Edhe e ardhmja e marr\u00ebdh\u00ebnieve shqiptaro-bullgare duket plot shk\u00eblqim e mir\u00ebbesim.<\/em><\/p>\n","protected":false},"excerpt":{"rendered":"<p>Presidenti Ilir Meta ka pritur homologun e tij t\u00eb Bullgaris\u00eb, Rumen Radev, ku ka ngritur edhe nj\u00eb dolli me t\u00eb. N\u00eb facbook, Meta thot\u00eb se Bullgaria ka qen\u00eb streha e sigurt e shum\u00eb patriot\u00ebve tan\u00eb gjat\u00eb Rilindjes Komb\u00ebtare n\u00eb luft\u00ebn p\u00ebr p\u00ebrhapjen e gjuh\u00ebs shqipe dhe arritjen e Pavar\u00ebsis\u00eb. Postimi i Presidentit Ilir Meta I [&hellip;]<\/p>\n","protected":false},"author":2013,"featured_media":123378,"comment_status":"open","ping_status":"closed","sticky":false,"template":"","format":"standard","meta":{"footnotes":""},"categories":[241,235],"tags":[],"class_list":{"0":"post-123377","1":"post","2":"type-post","3":"status-publish","4":"format-standard","5":"has-post-thumbnail","7":"category-aktualitet","8":"category-vendi"},"_links":{"self":[{"href":"https:\/\/zjarr.tv\/sq\/wp-json\/wp\/v2\/posts\/123377","targetHints":{"allow":["GET"]}}],"collection":[{"href":"https:\/\/zjarr.tv\/sq\/wp-json\/wp\/v2\/posts"}],"about":[{"href":"https:\/\/zjarr.tv\/sq\/wp-json\/wp\/v2\/types\/post"}],"author":[{"embeddable":true,"href":"https:\/\/zjarr.tv\/sq\/wp-json\/wp\/v2\/users\/2013"}],"replies":[{"embeddable":true,"href":"https:\/\/zjarr.tv\/sq\/wp-json\/wp\/v2\/comments?post=123377"}],"version-history":[{"count":0,"href":"https:\/\/zjarr.tv\/sq\/wp-json\/wp\/v2\/posts\/123377\/revisions"}],"wp:featuredmedia":[{"embeddable":true,"href":"https:\/\/zjarr.tv\/sq\/wp-json\/wp\/v2\/media\/123378"}],"wp:attachment":[{"href":"https:\/\/zjarr.tv\/sq\/wp-json\/wp\/v2\/media?parent=123377"}],"wp:term":[{"taxonomy":"category","embeddable":true,"href":"https:\/\/zjarr.tv\/sq\/wp-json\/wp\/v2\/categories?post=123377"},{"taxonomy":"post_tag","embeddable":true,"href":"https:\/\/zjarr.tv\/sq\/wp-json\/wp\/v2\/tags?post=123377"}],"curies":[{"name":"wp","href":"https:\/\/api.w.org\/{rel}","templated":true}]}}