{"id":123380,"date":"2020-03-06T11:28:13","date_gmt":"2020-03-06T10:28:13","guid":{"rendered":"https:\/\/zjarr.tv\/?p=123380"},"modified":"2020-03-06T11:28:13","modified_gmt":"2020-03-06T10:28:13","slug":"gjermania-dhuron-makina-policie-per-shqiperine-ambasadori-tani-mund-te-reagoni-me-shpejt","status":"publish","type":"post","link":"https:\/\/zjarr.tv\/sq\/gjermania-dhuron-makina-policie-per-shqiperine-ambasadori-tani-mund-te-reagoni-me-shpejt\/","title":{"rendered":"Gjermania dhuron makina policie p\u00ebr Shqip\u00ebrin\u00eb, ambasadori: Tani mund t\u00eb reagoni m\u00eb shpejt"},"content":{"rendered":"<p>Policia Federale e Gjermanis\u00eb i ka dhuruar Policis\u00eb Shqiptare 7 automjete t\u00eb policis\u00eb.<\/p>\n<p>N\u00eb fjal\u00ebn e tij drejtori Ardi Veliu tha se vlera e k\u00ebtyre mjeteve \u00ebsht\u00eb 327 mij\u00eb euro, nd\u00ebrsa theksoi se Rinovimi i her\u00ebpashersh\u00ebm i flot\u00ebs s\u00eb Policis\u00eb p\u00ebrmir\u00ebson akoma m\u00eb tej performanc\u00ebn e strukturave policore.<\/p>\n<p><strong>Ardi Veliu:<em>\u00a0<\/em><\/strong><em>Presidiumi i Policis\u00eb Federale, i ka dhuruar Drejtoris\u00eb s\u00eb P\u00ebrgjithshme t\u00eb Policis\u00eb s\u00eb Shtetit, 7 automjete t\u00eb mark\u00ebs Mercedes Benz Sprinter q\u00eb kapin shifr\u00ebn 327.000 euro dhe sot jemi k\u00ebtu n\u00eb k\u00ebt\u00eb ceremoni t\u00eb thjesht\u00eb, por kuptimplot\u00eb, p\u00ebr t\u00eb marr\u00eb n\u00eb dor\u00ebzim n\u00ebp\u00ebrmjet Ambasadorit, Shk\u00eblqesis\u00eb s\u00eb Tij zotit Zingraf, k\u00ebto automjete t\u00eb kalueshm\u00ebris\u00eb s\u00eb lart\u00eb, t\u00eb loguara dhe t\u00eb pajisura me sinjalistik\u00eb policie, t\u00eb cilat do t\u00eb jen\u00eb n\u00eb p\u00ebrdorim nga Reparti i Nd\u00ebrhyrjes s\u00eb Shpejt\u00eb Tiran\u00eb. Kjo parti mjetesh i shtohet mjeteve dhe donacioneve t\u00eb tjera t\u00eb dhuruara nga strukturat e Ministris\u00eb s\u00eb Brendshme Federale gjermane nd\u00ebr vite. Rinovimi i her\u00ebpashersh\u00ebm i flot\u00ebs s\u00eb Policis\u00eb, me automjete t\u00eb reja dhe cil\u00ebsore, p\u00ebrmir\u00ebson akoma m\u00eb tej performanc\u00ebn e strukturave policore dhe nj\u00ebkoh\u00ebsisht kushtet e pun\u00ebs dhe sh\u00ebrbimit t\u00eb punonj\u00ebsve t\u00eb Policis\u00eb e n\u00eb k\u00ebt\u00eb rast atyre t\u00eb FNSH-s\u00eb, t\u00eb cil\u00ebt gjej rastin t\u2019i uroj dhe p\u00ebrg\u00ebzoj p\u00ebr pun\u00ebn dhe p\u00ebrkushtimin e tyre n\u00eb detyrat e ngarkuara.<\/em><\/p>\n<p>Ambasadori i Gjermanis\u00eb, Peter Zingraf n\u00eb fjal\u00ebn e tij tha se tashm\u00eb me k\u00ebto mjete mund t\u00eb arrihet m\u00eb shpejt n\u00eb vendin e ngjarjes.<\/p>\n<p><strong>Peter Zingraf<\/strong><em>: B\u00ebhet fjal\u00eb p\u00ebr 7 mjete p\u00ebr transport ekuipazhi, q\u00eb sipas modelit gjerman do t\u00eb duhet t\u00eb sh\u00ebrbejn\u00eb p\u00ebr transportimin e shpejt dhe t\u00eb sigurt t\u00eb trupave t\u00eb nj\u00ebsis\u00eb s\u00eb Nd\u00ebrhyrjes s\u00eb Shpejt\u00eb n\u00eb vendin e misionit. Me k\u00ebto mjete tani jeni n\u00eb gjendje t\u00eb reagoni n\u00eb m\u00ebnyr\u00eb moderne ndaj situatave t\u00eb misioneve t\u00eb \u00a0ndryshme. Duam t\u00eb b\u00ebjm\u00eb edhe nj\u00eb hap tjet\u00ebr p\u00ebrpara,do t\u00eb d\u00ebrgojm\u00eb trajnues nga policia gjermane. Ne jemi t\u00eb gatsh\u00ebm t\u00eb ndajm\u00eb p\u00ebrvoj\u00ebn ton\u00eb dhe t&#8217;ju mb\u00ebshtesin m\u00eb tej. \u00a0Ne jemi prezent n\u00eb Shqip\u00ebri duke q\u00ebndruar partner edhe n\u00eb \u00e7\u00ebshtjet e siguris\u00eb.<\/em><\/p>\n","protected":false},"excerpt":{"rendered":"<p>Policia Federale e Gjermanis\u00eb i ka dhuruar Policis\u00eb Shqiptare 7 automjete t\u00eb policis\u00eb. N\u00eb fjal\u00ebn e tij drejtori Ardi Veliu tha se vlera e k\u00ebtyre mjeteve \u00ebsht\u00eb 327 mij\u00eb euro, nd\u00ebrsa theksoi se Rinovimi i her\u00ebpashersh\u00ebm i flot\u00ebs s\u00eb Policis\u00eb p\u00ebrmir\u00ebson akoma m\u00eb tej performanc\u00ebn e strukturave policore. Ardi Veliu:\u00a0Presidiumi i Policis\u00eb Federale, i ka [&hellip;]<\/p>\n","protected":false},"author":2013,"featured_media":123381,"comment_status":"open","ping_status":"closed","sticky":false,"template":"","format":"standard","meta":{"footnotes":""},"categories":[241,235],"tags":[],"class_list":{"0":"post-123380","1":"post","2":"type-post","3":"status-publish","4":"format-standard","5":"has-post-thumbnail","7":"category-aktualitet","8":"category-vendi"},"_links":{"self":[{"href":"https:\/\/zjarr.tv\/sq\/wp-json\/wp\/v2\/posts\/123380","targetHints":{"allow":["GET"]}}],"collection":[{"href":"https:\/\/zjarr.tv\/sq\/wp-json\/wp\/v2\/posts"}],"about":[{"href":"https:\/\/zjarr.tv\/sq\/wp-json\/wp\/v2\/types\/post"}],"author":[{"embeddable":true,"href":"https:\/\/zjarr.tv\/sq\/wp-json\/wp\/v2\/users\/2013"}],"replies":[{"embeddable":true,"href":"https:\/\/zjarr.tv\/sq\/wp-json\/wp\/v2\/comments?post=123380"}],"version-history":[{"count":0,"href":"https:\/\/zjarr.tv\/sq\/wp-json\/wp\/v2\/posts\/123380\/revisions"}],"wp:featuredmedia":[{"embeddable":true,"href":"https:\/\/zjarr.tv\/sq\/wp-json\/wp\/v2\/media\/123381"}],"wp:attachment":[{"href":"https:\/\/zjarr.tv\/sq\/wp-json\/wp\/v2\/media?parent=123380"}],"wp:term":[{"taxonomy":"category","embeddable":true,"href":"https:\/\/zjarr.tv\/sq\/wp-json\/wp\/v2\/categories?post=123380"},{"taxonomy":"post_tag","embeddable":true,"href":"https:\/\/zjarr.tv\/sq\/wp-json\/wp\/v2\/tags?post=123380"}],"curies":[{"name":"wp","href":"https:\/\/api.w.org\/{rel}","templated":true}]}}