{"id":123383,"date":"2020-03-06T11:29:52","date_gmt":"2020-03-06T10:29:52","guid":{"rendered":"https:\/\/zjarr.tv\/?p=123383"},"modified":"2020-03-06T11:29:52","modified_gmt":"2020-03-06T10:29:52","slug":"basha-eshte-koha-per-te-reaguar-zbrazja-e-shqiperise-eshte-akt-tradhtie-kombetare","status":"publish","type":"post","link":"https:\/\/zjarr.tv\/sq\/basha-eshte-koha-per-te-reaguar-zbrazja-e-shqiperise-eshte-akt-tradhtie-kombetare\/","title":{"rendered":"Basha: \u00cbsht\u00eb koha p\u00ebr t\u00eb reaguar, zbrazja e Shqip\u00ebris\u00eb \u00ebsht\u00eb akt tradhtie komb\u00ebtare"},"content":{"rendered":"<p>Kryetari i PD, Lulzim Basha ka ngritur shqet\u00ebsimin e emigracionit dhe k\u00ebrkesave p\u00ebr azil. Duke publikuar nj\u00eb grafik, kreu i PD, thot\u00eb se Shqip\u00ebria renditet n\u00eb vendin e par\u00eb p\u00ebr azil, duke ia kaluar edhe Siris\u00eb, Afganistanit, Venezuel\u00ebs dhe Irakut. Basha b\u00ebn thirrje p\u00ebr reagim.<\/p>\n<p><em>&#8220;Sa koh\u00eb ky njeri drejton Shqip\u00ebrin\u00eb, aq koh\u00eb shqiptar\u00ebt do zbrazin vendin e t\u00eb par\u00ebve. Keqqeverisja e k\u00ebtij KM q\u00eb vret shpresat e qytetar\u00ebve, \u00ebsht\u00eb arsyeja p\u00ebr k\u00ebt\u00eb rekord bot\u00ebror t\u00eb zi n\u00eb emigracion. \u00cbsht\u00eb koha p\u00ebr t\u00eb reaguar. Zbrazja e Shqip\u00ebris\u00eb \u00ebsht\u00eb akt tradhtie komb\u00ebtare!&#8221;,<\/em>\u00a0shkruan Basha.<\/p>\n<p><img decoding=\"async\" class=\"fr-fic fr-dib\" src=\"https:\/\/www.oranews.tv\/storage\/app\/media\/home\/ora\/public_html\/storage\/app\/media\/2020\/03\/06\/ESas7OSVAAEf1eX.jpg\" data-result=\"success\" \/><\/p>\n","protected":false},"excerpt":{"rendered":"<p>Kryetari i PD, Lulzim Basha ka ngritur shqet\u00ebsimin e emigracionit dhe k\u00ebrkesave p\u00ebr azil. Duke publikuar nj\u00eb grafik, kreu i PD, thot\u00eb se Shqip\u00ebria renditet n\u00eb vendin e par\u00eb p\u00ebr azil, duke ia kaluar edhe Siris\u00eb, Afganistanit, Venezuel\u00ebs dhe Irakut. Basha b\u00ebn thirrje p\u00ebr reagim. &#8220;Sa koh\u00eb ky njeri drejton Shqip\u00ebrin\u00eb, aq koh\u00eb shqiptar\u00ebt do [&hellip;]<\/p>\n","protected":false},"author":2013,"featured_media":112899,"comment_status":"open","ping_status":"closed","sticky":false,"template":"","format":"standard","meta":{"footnotes":""},"categories":[241,235],"tags":[],"class_list":{"0":"post-123383","1":"post","2":"type-post","3":"status-publish","4":"format-standard","5":"has-post-thumbnail","7":"category-aktualitet","8":"category-vendi"},"_links":{"self":[{"href":"https:\/\/zjarr.tv\/sq\/wp-json\/wp\/v2\/posts\/123383","targetHints":{"allow":["GET"]}}],"collection":[{"href":"https:\/\/zjarr.tv\/sq\/wp-json\/wp\/v2\/posts"}],"about":[{"href":"https:\/\/zjarr.tv\/sq\/wp-json\/wp\/v2\/types\/post"}],"author":[{"embeddable":true,"href":"https:\/\/zjarr.tv\/sq\/wp-json\/wp\/v2\/users\/2013"}],"replies":[{"embeddable":true,"href":"https:\/\/zjarr.tv\/sq\/wp-json\/wp\/v2\/comments?post=123383"}],"version-history":[{"count":0,"href":"https:\/\/zjarr.tv\/sq\/wp-json\/wp\/v2\/posts\/123383\/revisions"}],"wp:featuredmedia":[{"embeddable":true,"href":"https:\/\/zjarr.tv\/sq\/wp-json\/wp\/v2\/media\/112899"}],"wp:attachment":[{"href":"https:\/\/zjarr.tv\/sq\/wp-json\/wp\/v2\/media?parent=123383"}],"wp:term":[{"taxonomy":"category","embeddable":true,"href":"https:\/\/zjarr.tv\/sq\/wp-json\/wp\/v2\/categories?post=123383"},{"taxonomy":"post_tag","embeddable":true,"href":"https:\/\/zjarr.tv\/sq\/wp-json\/wp\/v2\/tags?post=123383"}],"curies":[{"name":"wp","href":"https:\/\/api.w.org\/{rel}","templated":true}]}}