{"id":123385,"date":"2020-03-06T11:32:10","date_gmt":"2020-03-06T10:32:10","guid":{"rendered":"https:\/\/zjarr.tv\/?p=123385"},"modified":"2020-03-06T11:32:10","modified_gmt":"2020-03-06T10:32:10","slug":"gramoz-ruci-meten-e-mirepres-ne-kuvend-me-detyron-kushtetuta","status":"publish","type":"post","link":"https:\/\/zjarr.tv\/sq\/gramoz-ruci-meten-e-mirepres-ne-kuvend-me-detyron-kushtetuta\/","title":{"rendered":"Gramoz Ru\u00e7i: Met\u00ebn e mir\u00ebpres n\u00eb Kuvend, m\u00eb detyron Kushtetuta"},"content":{"rendered":"<p>Kryetari i Kuvendit Gramoz Ru\u00e7i komenton raportin me presidentin Ilir Meta.<\/p>\n<p><em>\u201cMarr\u00ebdh\u00ebniet e mia me presidentin nuk ka pse t\u00eb shpik rrot\u00ebn i ka p\u00ebrcaktuar qart\u00eb Kushtetuta e Shqip\u00ebris\u00eb. Parlamenti nj\u00eb nga funksionet kryesore \u00ebsht\u00eb ai legjislativ \u00a0t\u00eb b\u00ebj\u00eb ligjet, si\u00e7 presidenti ka t\u00eb drejt\u00eb t\u00eb kthej\u00eb ose dekretoj\u00eb ligje. Secili institucion \u00ebsht\u00eb sovran si parlamenti dhe presidenti p\u00ebr dekretet q\u00eb miraton apo kthen p\u00ebr rishqyrtuar n\u00eb kuvend. K\u00ebto t\u00eb fundit parlamenti do i shqyrtoj\u00eb dhe un\u00eb flas me vot\u00ebn time n\u00eb Kuvend&#8221;<\/em>\u00a0u shpreh Gramoz Ru\u00e7i i pyetur nga gazetar\u00ebt n\u00eb konferenc\u00ebn p\u00ebr median me Presidentin e Parlamentit t\u00eb Austris\u00eb, z. Wolfgang Sobotka.<\/p>\n<p>Gjithashtu Ru\u00e7i tha se Meta \u00ebsht\u00eb i mir\u00ebpritur n\u00eb Kuvend pasi e detyron Kushtetuta ta mir\u00ebpres\u00eb.<\/p>\n<p><em>\u201cM\u00eb obligon Kushtetuta t\u00eb mir\u00ebpres\u00eb presidentin sa her\u00eb d\u00ebshiron t\u00eb vizitoj\u00eb parlamentin ose do t\u00eb mir\u00ebprisja dhe do t\u00eb lexoja \u00e7do mesazh q\u00eb ai do i drejtonte parlamentit\u201d<\/em><\/p>\n<p><strong>Si socialist i vjet\u00ebr a ka folur Gramoz Ru\u00e7i me zotin Meta p\u00ebr k\u00ebt\u00eb situat\u00eb?<\/strong><\/p>\n<p><strong>Gramoz Ru\u00e7i:<\/strong><em>\u00a0&#8220;Takimet e mia me presidentin jan\u00eb brenda kuadrit kushtetues dhe ligjor. \u00a0Pyetja juaj \u00ebsht\u00eb si socialist i vjet\u00ebr e kam takuar apo jo, sic e dini presidenti \u00ebsht\u00eb i depolitizuar nga Kushtetuta por dhe un\u00eb q\u00eb nuk jam i detyruar nga Kushtetuta k\u00ebto dy vite kam qen\u00eb totalisht i depolitizuar. Besoj se nuk e kam p\u00ebrdorur asnj\u00eb sekond mikrofonin e kryetarit t\u00eb Parlamentit p\u00ebr problem partiake. Par\u00eb n\u00eb k\u00ebt\u00eb k\u00ebndv\u00ebshtrim n\u00ebse Presidenti ka nevoj\u00eb p\u00ebr q\u00ebndrime te maxhoranc\u00ebs kjo ka struktura partie mund ti th\u00ebrras\u00eb, ose ato n\u00ebse kan\u00eb problem me presidentin mund t\u00eb k\u00ebrkojn\u00eb takim me t\u00eb.&#8221;<\/em><\/p>\n<p><em>\u00a0\u00a0<\/em>Nd\u00ebrkoh\u00eb presidenti I Parlamentit t\u00eb Austris\u00eb, z. Wolfgang Sobotka b\u00ebri thirrje p\u00ebr uljen \u00a0n\u00eb tryez\u00eb p\u00ebr gjetjen e nj\u00eb dialogu.<\/p>\n<p><em>\u201cAskush nuk ka t\u00eb mir\u00eb n\u00ebse konfliktet b\u00ebhen publike. \u00cbsht\u00eb tradit\u00eb e mir\u00eb q\u00eb kur ke k\u00ebndv\u00ebshtrime t\u00eb ndryshme t\u00eb ulesh n\u00eb tryez\u00eb dhe ti zgjidh\u00ebsh ato p\u00ebr p\u00ebrmir\u00ebsimin e standardeve t\u00eb jetes\u00ebs s\u00eb atyre q\u00eb t\u00eb kan\u00eb zgjedhur&#8221;<\/em>\u00a0u shpreh Sobotka.<\/p>\n<p>Presidenti I Parlamentit t\u00eb Austris\u00eb ndodhet n\u00eb Tiran\u00eb n\u00eb kuad\u00ebr t\u00eb nj\u00eb vizite zyrtare dhe do t\u00eb takohet dhe me presidentin Ilir Meta.<\/p>\n","protected":false},"excerpt":{"rendered":"<p>Kryetari i Kuvendit Gramoz Ru\u00e7i komenton raportin me presidentin Ilir Meta. \u201cMarr\u00ebdh\u00ebniet e mia me presidentin nuk ka pse t\u00eb shpik rrot\u00ebn i ka p\u00ebrcaktuar qart\u00eb Kushtetuta e Shqip\u00ebris\u00eb. Parlamenti nj\u00eb nga funksionet kryesore \u00ebsht\u00eb ai legjislativ \u00a0t\u00eb b\u00ebj\u00eb ligjet, si\u00e7 presidenti ka t\u00eb drejt\u00eb t\u00eb kthej\u00eb ose dekretoj\u00eb ligje. Secili institucion \u00ebsht\u00eb sovran si [&hellip;]<\/p>\n","protected":false},"author":2013,"featured_media":123386,"comment_status":"open","ping_status":"closed","sticky":false,"template":"","format":"standard","meta":{"footnotes":""},"categories":[241,235],"tags":[],"class_list":{"0":"post-123385","1":"post","2":"type-post","3":"status-publish","4":"format-standard","5":"has-post-thumbnail","7":"category-aktualitet","8":"category-vendi"},"_links":{"self":[{"href":"https:\/\/zjarr.tv\/sq\/wp-json\/wp\/v2\/posts\/123385","targetHints":{"allow":["GET"]}}],"collection":[{"href":"https:\/\/zjarr.tv\/sq\/wp-json\/wp\/v2\/posts"}],"about":[{"href":"https:\/\/zjarr.tv\/sq\/wp-json\/wp\/v2\/types\/post"}],"author":[{"embeddable":true,"href":"https:\/\/zjarr.tv\/sq\/wp-json\/wp\/v2\/users\/2013"}],"replies":[{"embeddable":true,"href":"https:\/\/zjarr.tv\/sq\/wp-json\/wp\/v2\/comments?post=123385"}],"version-history":[{"count":0,"href":"https:\/\/zjarr.tv\/sq\/wp-json\/wp\/v2\/posts\/123385\/revisions"}],"wp:featuredmedia":[{"embeddable":true,"href":"https:\/\/zjarr.tv\/sq\/wp-json\/wp\/v2\/media\/123386"}],"wp:attachment":[{"href":"https:\/\/zjarr.tv\/sq\/wp-json\/wp\/v2\/media?parent=123385"}],"wp:term":[{"taxonomy":"category","embeddable":true,"href":"https:\/\/zjarr.tv\/sq\/wp-json\/wp\/v2\/categories?post=123385"},{"taxonomy":"post_tag","embeddable":true,"href":"https:\/\/zjarr.tv\/sq\/wp-json\/wp\/v2\/tags?post=123385"}],"curies":[{"name":"wp","href":"https:\/\/api.w.org\/{rel}","templated":true}]}}