{"id":123389,"date":"2020-03-06T11:33:23","date_gmt":"2020-03-06T10:33:23","guid":{"rendered":"https:\/\/zjarr.tv\/?p=123389"},"modified":"2020-03-06T11:33:23","modified_gmt":"2020-03-06T10:33:23","slug":"familjaret-e-adem-jasharit-shpallen-qytetare-nderi-ne-tropoje","status":"publish","type":"post","link":"https:\/\/zjarr.tv\/sq\/familjaret-e-adem-jasharit-shpallen-qytetare-nderi-ne-tropoje\/","title":{"rendered":"Familjar\u00ebt e Adem Jasharit shpallen \u201cQytetar\u00eb Nderi\u201d n\u00eb Tropoj\u00eb"},"content":{"rendered":"<p><em>Bashkia e Tropoj\u00ebs zgjodhi 5 marsin, dit\u00ebn e nisjes s\u00eb epopes\u00eb s\u00eb Ushtris\u00eb \u00c7lirimtare t\u00eb Kosov\u00ebs p\u00ebr t\u00eb nderuar me titullin \u201cQytetar Nderi\u201d familjen Jashari. Pjes\u00eb e ceremonis\u00eb ishte edhe ish presidenti Kosov\u00ebs, Fatmir Sejdiu i cili theksoi rolin e shqiptar\u00ebve n\u00eb Pavar\u00ebsin\u00eb e Kosov\u00ebs.<\/em><\/p>\n<p>Familja e Adem Jasharit u nderua n\u00eb Tropoj\u00eb n\u00eb dit\u00ebn q\u00eb sh\u00ebnoi 22 vjetorin e epopes\u00eb s\u00eb U\u00c7K-s\u00eb.<\/p>\n<p>Pasardh\u00ebsit e komandantit legjendar u prit\u00ebn n\u00eb kufi me flamuj kuq e zi dhe k\u00ebng\u00eb e valle.<\/p>\n<p>Delegacioni nga Kosova eci p\u00ebrmes qytetit dhe nderoi heroin Bajram Curri.<\/p>\n<p>M\u00eb pas ceremonia e nderimit q\u00eb kishte b\u00ebr\u00eb bashk\u00eb qindra njer\u00ebz nga t\u00eb dy an\u00ebt e kufirit.<\/p>\n<p>N\u00eb em\u00ebr t\u00eb familjes titullin qytetar\u00eb nderi e mori Lulzim Jashari, djali i Adem Jasharit.<\/p>\n<p>N\u00eb t\u00eb nj\u00ebjt\u00ebn dit\u00eb Tropoja vler\u00ebsoi edhe Zarife Hasanin, ushtaraken shqiptare q\u00eb ra d\u00ebshmore n\u00eb Letoni si pjes\u00eb e nj\u00eb misioni t\u00eb NATO-s.<\/p>\n<p>Titullin ia dor\u00ebzoi ish presidenti i Kosov\u00ebs, Fatmir Sejdiu.<\/p>\n<p>P\u00ebr Ora News, Sejdiu vler\u00ebsoi rolin e banor\u00ebve t\u00eb Tropoj\u00ebs n\u00eb luft\u00ebn p\u00ebr lirin\u00eb e Kosov\u00ebs.<\/p>\n<p>Nd\u00ebrsa ish ambasadori Islam Laukaj tha se nderimi i familjes s\u00eb Jasharajve \u00ebsht\u00eb nder p\u00ebr Tropoj\u00ebn.<\/p>\n<p>Ceremonia u pasua me nj\u00eb koncert nga grupi artistik Dardania.<\/p>\n","protected":false},"excerpt":{"rendered":"<p>Bashkia e Tropoj\u00ebs zgjodhi 5 marsin, dit\u00ebn e nisjes s\u00eb epopes\u00eb s\u00eb Ushtris\u00eb \u00c7lirimtare t\u00eb Kosov\u00ebs p\u00ebr t\u00eb nderuar me titullin \u201cQytetar Nderi\u201d familjen Jashari. Pjes\u00eb e ceremonis\u00eb ishte edhe ish presidenti Kosov\u00ebs, Fatmir Sejdiu i cili theksoi rolin e shqiptar\u00ebve n\u00eb Pavar\u00ebsin\u00eb e Kosov\u00ebs. Familja e Adem Jasharit u nderua n\u00eb Tropoj\u00eb n\u00eb dit\u00ebn [&hellip;]<\/p>\n","protected":false},"author":2013,"featured_media":123390,"comment_status":"open","ping_status":"closed","sticky":false,"template":"","format":"standard","meta":{"footnotes":""},"categories":[241,235],"tags":[],"class_list":{"0":"post-123389","1":"post","2":"type-post","3":"status-publish","4":"format-standard","5":"has-post-thumbnail","7":"category-aktualitet","8":"category-vendi"},"_links":{"self":[{"href":"https:\/\/zjarr.tv\/sq\/wp-json\/wp\/v2\/posts\/123389","targetHints":{"allow":["GET"]}}],"collection":[{"href":"https:\/\/zjarr.tv\/sq\/wp-json\/wp\/v2\/posts"}],"about":[{"href":"https:\/\/zjarr.tv\/sq\/wp-json\/wp\/v2\/types\/post"}],"author":[{"embeddable":true,"href":"https:\/\/zjarr.tv\/sq\/wp-json\/wp\/v2\/users\/2013"}],"replies":[{"embeddable":true,"href":"https:\/\/zjarr.tv\/sq\/wp-json\/wp\/v2\/comments?post=123389"}],"version-history":[{"count":0,"href":"https:\/\/zjarr.tv\/sq\/wp-json\/wp\/v2\/posts\/123389\/revisions"}],"wp:featuredmedia":[{"embeddable":true,"href":"https:\/\/zjarr.tv\/sq\/wp-json\/wp\/v2\/media\/123390"}],"wp:attachment":[{"href":"https:\/\/zjarr.tv\/sq\/wp-json\/wp\/v2\/media?parent=123389"}],"wp:term":[{"taxonomy":"category","embeddable":true,"href":"https:\/\/zjarr.tv\/sq\/wp-json\/wp\/v2\/categories?post=123389"},{"taxonomy":"post_tag","embeddable":true,"href":"https:\/\/zjarr.tv\/sq\/wp-json\/wp\/v2\/tags?post=123389"}],"curies":[{"name":"wp","href":"https:\/\/api.w.org\/{rel}","templated":true}]}}