{"id":123395,"date":"2020-03-06T14:28:30","date_gmt":"2020-03-06T13:28:30","guid":{"rendered":"https:\/\/zjarr.tv\/?p=123395"},"modified":"2020-03-06T14:28:30","modified_gmt":"2020-03-06T13:28:30","slug":"8-7-mld-leke-per-rindertimin-e-banesave-individuale-ahmetaj-javen-tjeter-shpallet-gara","status":"publish","type":"post","link":"https:\/\/zjarr.tv\/sq\/8-7-mld-leke-per-rindertimin-e-banesave-individuale-ahmetaj-javen-tjeter-shpallet-gara\/","title":{"rendered":"8.7 mld lek\u00eb p\u00ebr rind\u00ebrtimin e banesave individuale, Ahmetaj: Jav\u00ebn tjet\u00ebr shpallet gara"},"content":{"rendered":"<p>Qeveria ka miratuar fondin prej 8.7 mld lek\u00ebsh p\u00ebr t\u00eb nisur nd\u00ebrtimin e 3400 banesave individuale. Ministri i Rind\u00ebrtimit, Arben Ahmetaj b\u00ebri t\u00eb ditur se nd\u00ebrtimi do t\u00eb p\u00ebrfundoj\u00eb brenda k\u00ebtij viti.<\/p>\n<p>Ahmetaj: Efekti financiar total prej 8.7 mld p\u00ebrballohet nga z\u00ebri fondi p\u00ebr rind\u00ebrtimin i miratuar n\u00eb buxhetin e vitit 2020 dhe do t\u00eb p\u00ebrdoret nga nj\u00ebsit\u00eb zbatuese. 4 mij\u00eb familje q\u00eb do banojn\u00eb n\u00eb banesat e reja individuale reja sipas modeleve qe kemi prezantuar do ta festojn\u00eb vitin e ri 2021 n\u00eb sht\u00ebpit\u00eb e tyre t\u00eb reja.<\/p>\n<p>Ministri Ahmetaj tha se jav\u00ebn e ardhshme shpallet tenderi.<\/p>\n<p>Ahmetaj: Jav\u00ebn q\u00eb vjen shpallet gara nd\u00ebrkomb\u00ebtare p\u00ebr 3400 sht\u00ebpi individuale.<\/p>\n<p>Duhet theksuar se n\u00eb k\u00ebt\u00eb fond t\u00eb akorduar nuk \u00ebsht\u00eb llogaritur ende fondi nga donacionit n\u00eb rastin e fatkeq\u00ebsis\u00eb s\u00eb t\u00ebrmetit t\u00eb 26 n\u00ebntorit.<\/p>\n<p>Nj\u00eb agjenci e posa\u00e7me amerikane pritet q\u00eb t\u00eb monitoroj\u00eb nga af\u00ebr gjith\u00eb procesin e rind\u00ebrtimit.<\/p>\n","protected":false},"excerpt":{"rendered":"<p>Qeveria ka miratuar fondin prej 8.7 mld lek\u00ebsh p\u00ebr t\u00eb nisur nd\u00ebrtimin e 3400 banesave individuale. Ministri i Rind\u00ebrtimit, Arben Ahmetaj b\u00ebri t\u00eb ditur se nd\u00ebrtimi do t\u00eb p\u00ebrfundoj\u00eb brenda k\u00ebtij viti. Ahmetaj: Efekti financiar total prej 8.7 mld p\u00ebrballohet nga z\u00ebri fondi p\u00ebr rind\u00ebrtimin i miratuar n\u00eb buxhetin e vitit 2020 dhe do t\u00eb [&hellip;]<\/p>\n","protected":false},"author":2013,"featured_media":113515,"comment_status":"open","ping_status":"closed","sticky":false,"template":"","format":"standard","meta":{"footnotes":""},"categories":[241,235],"tags":[],"class_list":{"0":"post-123395","1":"post","2":"type-post","3":"status-publish","4":"format-standard","5":"has-post-thumbnail","7":"category-aktualitet","8":"category-vendi"},"_links":{"self":[{"href":"https:\/\/zjarr.tv\/sq\/wp-json\/wp\/v2\/posts\/123395","targetHints":{"allow":["GET"]}}],"collection":[{"href":"https:\/\/zjarr.tv\/sq\/wp-json\/wp\/v2\/posts"}],"about":[{"href":"https:\/\/zjarr.tv\/sq\/wp-json\/wp\/v2\/types\/post"}],"author":[{"embeddable":true,"href":"https:\/\/zjarr.tv\/sq\/wp-json\/wp\/v2\/users\/2013"}],"replies":[{"embeddable":true,"href":"https:\/\/zjarr.tv\/sq\/wp-json\/wp\/v2\/comments?post=123395"}],"version-history":[{"count":0,"href":"https:\/\/zjarr.tv\/sq\/wp-json\/wp\/v2\/posts\/123395\/revisions"}],"wp:featuredmedia":[{"embeddable":true,"href":"https:\/\/zjarr.tv\/sq\/wp-json\/wp\/v2\/media\/113515"}],"wp:attachment":[{"href":"https:\/\/zjarr.tv\/sq\/wp-json\/wp\/v2\/media?parent=123395"}],"wp:term":[{"taxonomy":"category","embeddable":true,"href":"https:\/\/zjarr.tv\/sq\/wp-json\/wp\/v2\/categories?post=123395"},{"taxonomy":"post_tag","embeddable":true,"href":"https:\/\/zjarr.tv\/sq\/wp-json\/wp\/v2\/tags?post=123395"}],"curies":[{"name":"wp","href":"https:\/\/api.w.org\/{rel}","templated":true}]}}