{"id":123398,"date":"2020-03-06T14:30:37","date_gmt":"2020-03-06T13:30:37","guid":{"rendered":"https:\/\/zjarr.tv\/?p=123398"},"modified":"2020-03-06T14:30:37","modified_gmt":"2020-03-06T13:30:37","slug":"pr-kur-e-djathta-te-vije-ne-pushtet-do-te-anulojme-ligjin-e-prones","status":"publish","type":"post","link":"https:\/\/zjarr.tv\/sq\/pr-kur-e-djathta-te-vije-ne-pushtet-do-te-anulojme-ligjin-e-prones\/","title":{"rendered":"PR: Kur e djathta t\u00eb vij\u00eb n\u00eb pushtet do t\u00eb anulojm\u00eb ligjin e pron\u00ebs"},"content":{"rendered":"<p>Partia Republikane ka kund\u00ebrshtuar ligjin e miratuar n\u00eb Kuvend q\u00eb ka lidhje me proceset kalimtare t\u00eb pron\u00ebsis\u00eb. N\u00eb nj\u00eb dalje p\u00ebr mediat, numri dy i k\u00ebsaj force politike tha se sapo t\u00eb vij\u00eb n\u00eb pushtet, opozita do t\u00eb anuloj\u00eb t\u00eb gjitha ligjet q\u00eb bien ndesh edhe me rekomandimet e Venecias p\u00ebr t\u00eb drejt\u00ebn e pron\u00ebs.<\/p>\n<p><em>&#8220;Parlamenti ilegjitim i jep Ram\u00ebs dhe qeveris\u00eb kompetencat e gjykat\u00ebs p\u00ebr t\u00eb vendosur n\u00eb vend t\u00eb k\u00ebsaj t\u00eb fundit n\u00eb rast t\u00eb mbivendosjes s\u00eb pronave. Nuk pasqyrohen n\u00eb asnj\u00eb vend rekomandimet e Komisionit t\u00eb Venecias, e cila kund\u00ebrshtoi fort ligjet e b\u00ebra nga kjo qeveri. PR ka qen\u00eb kund\u00ebr q\u00ebndrimit t\u00eb PS dhe PD p\u00ebr pron\u00ebn private, q\u00eb ka shkaktuar nj\u00eb kolaps ekonomik, social, munges\u00eb t\u00eb investimeve t\u00eb huaja dhe mbi 8 mij\u00eb t\u00eb vrar\u00eb n\u00eb k\u00ebto 30 vite tranzicion. Me ardhjen e t\u00eb djatht\u00ebs n\u00eb pushtet ne do t\u00eb zhb\u00ebjm\u00eb t\u00eb gjitha aktet ligjore t\u00eb b\u00ebra nga kjo qeveri p\u00ebr pron\u00ebn private q\u00eb bien ndesh me t\u00eb drejt\u00ebn e pronar\u00ebve p\u00ebr t\u00eb g\u00ebzuar pron\u00ebn e tyre, bien ndesh me Kushtetut\u00ebn, vendimet e Gjykat\u00ebs Kushtetuese dhe vendimet e Gjykat\u00ebs s\u00eb Strasburgut.&#8221;<\/em><\/p>\n","protected":false},"excerpt":{"rendered":"<p>Partia Republikane ka kund\u00ebrshtuar ligjin e miratuar n\u00eb Kuvend q\u00eb ka lidhje me proceset kalimtare t\u00eb pron\u00ebsis\u00eb. N\u00eb nj\u00eb dalje p\u00ebr mediat, numri dy i k\u00ebsaj force politike tha se sapo t\u00eb vij\u00eb n\u00eb pushtet, opozita do t\u00eb anuloj\u00eb t\u00eb gjitha ligjet q\u00eb bien ndesh edhe me rekomandimet e Venecias p\u00ebr t\u00eb drejt\u00ebn e pron\u00ebs. [&hellip;]<\/p>\n","protected":false},"author":2013,"featured_media":123399,"comment_status":"open","ping_status":"closed","sticky":false,"template":"","format":"standard","meta":{"footnotes":""},"categories":[241,235],"tags":[],"class_list":{"0":"post-123398","1":"post","2":"type-post","3":"status-publish","4":"format-standard","5":"has-post-thumbnail","7":"category-aktualitet","8":"category-vendi"},"_links":{"self":[{"href":"https:\/\/zjarr.tv\/sq\/wp-json\/wp\/v2\/posts\/123398","targetHints":{"allow":["GET"]}}],"collection":[{"href":"https:\/\/zjarr.tv\/sq\/wp-json\/wp\/v2\/posts"}],"about":[{"href":"https:\/\/zjarr.tv\/sq\/wp-json\/wp\/v2\/types\/post"}],"author":[{"embeddable":true,"href":"https:\/\/zjarr.tv\/sq\/wp-json\/wp\/v2\/users\/2013"}],"replies":[{"embeddable":true,"href":"https:\/\/zjarr.tv\/sq\/wp-json\/wp\/v2\/comments?post=123398"}],"version-history":[{"count":0,"href":"https:\/\/zjarr.tv\/sq\/wp-json\/wp\/v2\/posts\/123398\/revisions"}],"wp:featuredmedia":[{"embeddable":true,"href":"https:\/\/zjarr.tv\/sq\/wp-json\/wp\/v2\/media\/123399"}],"wp:attachment":[{"href":"https:\/\/zjarr.tv\/sq\/wp-json\/wp\/v2\/media?parent=123398"}],"wp:term":[{"taxonomy":"category","embeddable":true,"href":"https:\/\/zjarr.tv\/sq\/wp-json\/wp\/v2\/categories?post=123398"},{"taxonomy":"post_tag","embeddable":true,"href":"https:\/\/zjarr.tv\/sq\/wp-json\/wp\/v2\/tags?post=123398"}],"curies":[{"name":"wp","href":"https:\/\/api.w.org\/{rel}","templated":true}]}}