{"id":123409,"date":"2020-03-06T15:15:50","date_gmt":"2020-03-06T14:15:50","guid":{"rendered":"https:\/\/zjarr.tv\/?p=123409"},"modified":"2020-03-06T15:15:50","modified_gmt":"2020-03-06T14:15:50","slug":"gjykata-konfirmon-ofl-sekuestrohen-9-mjete-motorike","status":"publish","type":"post","link":"https:\/\/zjarr.tv\/sq\/gjykata-konfirmon-ofl-sekuestrohen-9-mjete-motorike\/","title":{"rendered":"Gjykata konfirmon OFL, sekuestrohen 9 mjete motorike"},"content":{"rendered":"<p><em>Nj\u00eb muaj nga nisja e operacionit forca e ligjit n\u00eb kuad\u00ebr t\u00eb paket\u00ebs anti-KCK gjykata ka vendosur sekuestrimin e nj\u00eb ser\u00eb pasurive kriminale. T\u00eb dyshuara se jan\u00eb p\u00ebrfituar nga krimi gjykata miratoi sekuestron p\u00ebr automjete, banesa, resorte, dhe karburant. K\u00ebto pasuri q\u00eb sekuestrohen dhe konfiskohen sipas ministrit t\u00eb brendsh\u00ebm Sand\u00ebr Lleshaj do i vihen n\u00eb dispozicion policis\u00eb.<\/em><\/p>\n<p>Nj\u00eb muaj nga nisja e zbatimit t\u00eb paket\u00ebs anti-k\u00e7k, Gjykata Kund\u00ebr Korrupsionit dhe Krimit t\u00eb Organizuar ka miratuar disa prej k\u00ebrkesave t\u00eb agjent\u00ebve t\u00eb operacionit Forca e Ligjit.<\/p>\n<p>Pas plot\u00ebsimit t\u00eb formular\u00ebve, dhe hetimeve t\u00eb SPAK p\u00ebr 15 dit\u00eb, gjykata ka miratuar sekuestrimin e 9 mjeteve motorike, 9 sip\u00ebrfaqe toke, 10 godinave t\u00eb cilat sh\u00ebrbenin p\u00ebr banesa, resort dhe karburant.<\/p>\n<p>Pasurit\u00eb e sekuestruara i p\u00ebrkasin disa prej emrave m\u00eb t\u00eb njohur p\u00ebr policin\u00eb dhe drejt\u00ebsin\u00eb. N\u00eb sit\u00ebn e OFL, pasurit\u00eb e t\u00eb cil\u00ebve u sekuestruan, jan\u00eb Lulzim Berisha n\u00eb durr\u00ebs, Saimir Taullau n\u00eb Lushnj\u00eb, v\u00ebllez\u00ebrit Hajri n\u00eb Shijakt dhe Do\u00e7aj n\u00eb Shkod\u00ebr.<\/p>\n<p>Nj\u00eb muaj pas nisjes s\u00eb aksionit ministri i brendsh\u00ebm Sand\u00ebr Lleshaj, nga ambientet e drejtoris\u00eb s\u00eb p\u00ebrgjithshme t\u00eb policis\u00eb deklaroi se asetet q\u00eb do t\u00eb sekuestrohen e konfiskohen do i vihen n\u00eb dispozicion organizat\u00ebs policore<\/p>\n<p><strong>Lleshaj:<\/strong>\u00a0<em>Nj\u00eb pjes\u00eb t\u00eb r\u00ebnd\u00ebsishme t\u00eb aseteve q\u00eb do t\u00eb sekuestrohen e konfiskohen p\u00ebr shkak t\u00eb thellimit t\u00eb luft\u00ebs kund\u00ebr krimit t\u00eb organizuar, t\u2019i v\u00ebr\u00eb n\u00eb dispozicion t\u00eb vet\u00eb Policis\u00eb s\u00eb Shtetit p\u00ebr t\u00eb rritur kapacitetet p\u00ebr modernizimin e saj, por dhe p\u00ebr motivimin e personelit. Dhe kjo gj\u00eb do t\u00eb ndodh\u00eb.<\/em><\/p>\n<p>Deklarata e ministrit Lleshaj u dha gjat\u00eb ceremonis\u00eb p\u00ebr dhurimin e 7 automjeteve nga ambasada gjermane p\u00ebr repartin e forcave t\u00eb nd\u00ebrhyrjes s\u00eb shpejt\u00eb.<\/p>\n<p>Nd\u00ebrkoh\u00eb nga ana e operacionit Forca e ligjit jan\u00eb d\u00ebrguar 51 formular\u00eb personave t\u00eb d\u00ebnuar, t\u00eb cil\u00ebt duhet t\u00eb justifikonin burimin e pasuris\u00eb.<\/p>\n<p>K\u00ebt\u00eb t\u00eb premte agjent\u00ebt e OFL d\u00ebrguan dy formular\u00eb n\u00eb qytetin e Beratit. Dy v\u00ebllez\u00ebrit Ervis dhe Leonat Gavelli duhet t\u00eb dor\u00ebzojn\u00eb n\u00eb polici t\u00eb dh\u00ebnat e k\u00ebrkuara brenda 48 or\u00ebve, pasi sipas policis\u00eb rezultojn\u00eb t\u00eb d\u00ebnuar p\u00ebr trafik t\u00eb l\u00ebnd\u00ebve narkotike.<\/p>\n<p>SEKUESTRIMET P\u00cbR OFL<\/p>\n<p>&#8211; \u00a0 \u00a0 \u00a0 \u00a09 mjete motorike<\/p>\n<p>&#8211; \u00a0 \u00a0 \u00a0 \u00a09 sip\u00ebrfaqe toke<\/p>\n<p>&#8211; \u00a0 \u00a0 \u00a0 \u00a010 godina (banesa)<\/p>\n<p>&#8211; \u00a0 \u00a0 \u00a0 \u00a051 formular\u00eb d\u00ebrguar<\/p>\n","protected":false},"excerpt":{"rendered":"<p>Nj\u00eb muaj nga nisja e operacionit forca e ligjit n\u00eb kuad\u00ebr t\u00eb paket\u00ebs anti-KCK gjykata ka vendosur sekuestrimin e nj\u00eb ser\u00eb pasurive kriminale. T\u00eb dyshuara se jan\u00eb p\u00ebrfituar nga krimi gjykata miratoi sekuestron p\u00ebr automjete, banesa, resorte, dhe karburant. K\u00ebto pasuri q\u00eb sekuestrohen dhe konfiskohen sipas ministrit t\u00eb brendsh\u00ebm Sand\u00ebr Lleshaj do i vihen n\u00eb [&hellip;]<\/p>\n","protected":false},"author":2013,"featured_media":123410,"comment_status":"open","ping_status":"closed","sticky":false,"template":"","format":"standard","meta":{"footnotes":""},"categories":[241,235],"tags":[],"class_list":{"0":"post-123409","1":"post","2":"type-post","3":"status-publish","4":"format-standard","5":"has-post-thumbnail","7":"category-aktualitet","8":"category-vendi"},"_links":{"self":[{"href":"https:\/\/zjarr.tv\/sq\/wp-json\/wp\/v2\/posts\/123409","targetHints":{"allow":["GET"]}}],"collection":[{"href":"https:\/\/zjarr.tv\/sq\/wp-json\/wp\/v2\/posts"}],"about":[{"href":"https:\/\/zjarr.tv\/sq\/wp-json\/wp\/v2\/types\/post"}],"author":[{"embeddable":true,"href":"https:\/\/zjarr.tv\/sq\/wp-json\/wp\/v2\/users\/2013"}],"replies":[{"embeddable":true,"href":"https:\/\/zjarr.tv\/sq\/wp-json\/wp\/v2\/comments?post=123409"}],"version-history":[{"count":0,"href":"https:\/\/zjarr.tv\/sq\/wp-json\/wp\/v2\/posts\/123409\/revisions"}],"wp:featuredmedia":[{"embeddable":true,"href":"https:\/\/zjarr.tv\/sq\/wp-json\/wp\/v2\/media\/123410"}],"wp:attachment":[{"href":"https:\/\/zjarr.tv\/sq\/wp-json\/wp\/v2\/media?parent=123409"}],"wp:term":[{"taxonomy":"category","embeddable":true,"href":"https:\/\/zjarr.tv\/sq\/wp-json\/wp\/v2\/categories?post=123409"},{"taxonomy":"post_tag","embeddable":true,"href":"https:\/\/zjarr.tv\/sq\/wp-json\/wp\/v2\/tags?post=123409"}],"curies":[{"name":"wp","href":"https:\/\/api.w.org\/{rel}","templated":true}]}}