{"id":123412,"date":"2020-03-06T15:18:55","date_gmt":"2020-03-06T14:18:55","guid":{"rendered":"https:\/\/zjarr.tv\/?p=123412"},"modified":"2020-03-06T15:18:55","modified_gmt":"2020-03-06T14:18:55","slug":"metodologjia-celesi-i-negociatave-presidenti-i-keshillit-te-be-duhet-te-zgjidhim-ngercin-e-krijuar-tetorin-e-kaluar","status":"publish","type":"post","link":"https:\/\/zjarr.tv\/sq\/metodologjia-celesi-i-negociatave-presidenti-i-keshillit-te-be-duhet-te-zgjidhim-ngercin-e-krijuar-tetorin-e-kaluar\/","title":{"rendered":"Metodologjia \u201c\u00e7el\u00ebsi\u201d i negociatave, presidenti i K\u00ebshillit t\u00eb BE: Duhet t\u00eb zgjidhim ng\u00ebr\u00e7in e krijuar tetorin e kaluar"},"content":{"rendered":"<p><em>Kryeministri i Kroacis\u00eb, Andrej Plenkovic, ka deklaruar se metodologjia e re e zgjerimit duhet t\u00eb sh\u00ebrbej\u00eb p\u00ebr t\u00eb zhbllokuar ng\u00ebr\u00e7in e negociatave p\u00ebr Shqip\u00ebrin\u00eb dhe Maqedonin\u00eb e Veriut. Presidenti rotacional i K\u00ebshillit t\u00eb BE-s\u00eb, \u00ebsht\u00eb shprehur se platforma e re duhet t\u00eb \u00e7oj\u00eb n\u00eb nj\u00eb vendim politik p\u00ebr hapjen e negociatave dhe se progres-raportet p\u00ebr t\u00eb dyja vendet kan\u00eb qen\u00eb pozitive.<\/em><\/p>\n<p>Presidenca rotacionale e K\u00ebshillit t\u00eb Bashkimit Evropian, q\u00eb n\u00eb k\u00ebt\u00eb gjasht\u00eb mujor mbahet nga Kroacia, beson se miratimi i metodologjis\u00eb s\u00eb re p\u00ebr zgjerimin do t\u00eb \u00e7oj\u00eb n\u00eb hapjen e negociatave p\u00ebr Shqip\u00ebrin\u00eb dhe Maqedonin\u00eb e Veriut. Kryeministri i k\u00ebtij vendi, Andrej Plenkovic, n\u00eb nj\u00eb mbledhje t\u00eb jasht\u00ebzakonshme t\u00eb K\u00ebshillit t\u00eb Jasht\u00ebm t\u00eb BE-s\u00eb, \u00ebsht\u00eb ndalur edhe tek situata n\u00eb rajon, duke u shprehur se platforma e re q\u00eb hyri n\u00eb fuqi s\u00eb fundmi, duhet t\u00eb sh\u00ebrbej\u00eb p\u00ebr marrjen e nj\u00eb vendimi politik.<\/p>\n<p><em>\u201cDua t\u00eb fal\u00ebnderoj Komisionin Europian, P\u00ebrfaq\u00ebsuesin Borej, Komisionerin Varhej dhe Presidenten Fon der Lajen q\u00eb adoptuan nj\u00eb metodologji t\u00eb re p\u00ebr negociatat e an\u00ebtar\u00ebsimit. Un\u00eb mendoj se kjo platform\u00eb do t\u00eb na lejoj\u00eb q\u00eb t\u00eb zhbllokojm\u00eb situat\u00ebn e krijuar n\u00eb tetorin e kaluar n\u00eb K\u00ebshillin Evropian. Kemi par\u00eb gjithashtu raportet p\u00ebr Maqedonin\u00eb e Veriut dhe Shqip\u00ebrin\u00eb. Ne besojm\u00eb se sa m\u00eb pran\u00eb BE-ja t\u00eb jet\u00eb me vendet e Ballkanit, aq m\u00eb shpejt k\u00ebto vende do t\u00eb sh\u00ebnojn\u00eb progres t\u00eb k\u00ebnaqsh\u00ebm.\u201d<\/em><\/p>\n<p>Edhe pse mbledhja \u00ebsht\u00eb dominuar nga diskutimet p\u00ebr kriz\u00ebn e emigrant\u00ebve n\u00eb kufirin greko-turk, pal\u00ebt e kan\u00eb shfryt\u00ebzuar takimin edhe p\u00ebr t\u00eb folur mbi ecurin\u00eb e jav\u00ebve t\u00eb ardhshme mbi fatin e negociatave p\u00ebr Shqip\u00ebrin\u00eb dhe Maqedonin\u00eb e Veriut.<\/p>\n","protected":false},"excerpt":{"rendered":"<p>Kryeministri i Kroacis\u00eb, Andrej Plenkovic, ka deklaruar se metodologjia e re e zgjerimit duhet t\u00eb sh\u00ebrbej\u00eb p\u00ebr t\u00eb zhbllokuar ng\u00ebr\u00e7in e negociatave p\u00ebr Shqip\u00ebrin\u00eb dhe Maqedonin\u00eb e Veriut. Presidenti rotacional i K\u00ebshillit t\u00eb BE-s\u00eb, \u00ebsht\u00eb shprehur se platforma e re duhet t\u00eb \u00e7oj\u00eb n\u00eb nj\u00eb vendim politik p\u00ebr hapjen e negociatave dhe se progres-raportet p\u00ebr [&hellip;]<\/p>\n","protected":false},"author":2013,"featured_media":123413,"comment_status":"open","ping_status":"closed","sticky":false,"template":"","format":"standard","meta":{"footnotes":""},"categories":[241,235],"tags":[],"class_list":{"0":"post-123412","1":"post","2":"type-post","3":"status-publish","4":"format-standard","5":"has-post-thumbnail","7":"category-aktualitet","8":"category-vendi"},"_links":{"self":[{"href":"https:\/\/zjarr.tv\/sq\/wp-json\/wp\/v2\/posts\/123412","targetHints":{"allow":["GET"]}}],"collection":[{"href":"https:\/\/zjarr.tv\/sq\/wp-json\/wp\/v2\/posts"}],"about":[{"href":"https:\/\/zjarr.tv\/sq\/wp-json\/wp\/v2\/types\/post"}],"author":[{"embeddable":true,"href":"https:\/\/zjarr.tv\/sq\/wp-json\/wp\/v2\/users\/2013"}],"replies":[{"embeddable":true,"href":"https:\/\/zjarr.tv\/sq\/wp-json\/wp\/v2\/comments?post=123412"}],"version-history":[{"count":0,"href":"https:\/\/zjarr.tv\/sq\/wp-json\/wp\/v2\/posts\/123412\/revisions"}],"wp:featuredmedia":[{"embeddable":true,"href":"https:\/\/zjarr.tv\/sq\/wp-json\/wp\/v2\/media\/123413"}],"wp:attachment":[{"href":"https:\/\/zjarr.tv\/sq\/wp-json\/wp\/v2\/media?parent=123412"}],"wp:term":[{"taxonomy":"category","embeddable":true,"href":"https:\/\/zjarr.tv\/sq\/wp-json\/wp\/v2\/categories?post=123412"},{"taxonomy":"post_tag","embeddable":true,"href":"https:\/\/zjarr.tv\/sq\/wp-json\/wp\/v2\/tags?post=123412"}],"curies":[{"name":"wp","href":"https:\/\/api.w.org\/{rel}","templated":true}]}}