{"id":123415,"date":"2020-03-06T15:57:29","date_gmt":"2020-03-06T14:57:29","guid":{"rendered":"https:\/\/zjarr.tv\/?p=123415"},"modified":"2020-03-06T15:57:29","modified_gmt":"2020-03-06T14:57:29","slug":"koronavirusi-manastirliu-inspekton-masat-e-marra-ne-portin-e-durresit-te-rritet-vigjilenca","status":"publish","type":"post","link":"https:\/\/zjarr.tv\/sq\/koronavirusi-manastirliu-inspekton-masat-e-marra-ne-portin-e-durresit-te-rritet-vigjilenca\/","title":{"rendered":"Koronavirusi, Manastirliu inspekton masat e marra n\u00eb portin e Durr\u00ebsit: T\u00eb rritet vigjilenca"},"content":{"rendered":"<p>Ministrja e Sh\u00ebndet\u00ebsis\u00eb dhe Mbrojtjes Sociale Ogerta Manastirliu ka inspektuar masat e marra p\u00ebr parandalimin dhe kontrollin e koronavirusit COVID-19 n\u00eb Portin e Durr\u00ebsit.<\/p>\n<p>Manastirliu ka deklaruar se duhet t\u00eb rritet vigjilenca akoma m\u00eb shum\u00eb n\u00eb pikat kufitare.<\/p>\n<p><strong>Manastirliu:<\/strong>\u00a0<em>\u00cbsht\u00eb shum\u00eb e r\u00ebnd\u00ebsishme jo vet\u00ebm t\u00eb kryhet monitorimi i temperatur\u00ebs por edhe plot\u00ebsimi i sked\u00ebs s\u00eb udh\u00ebtar\u00ebve q\u00eb vijn\u00eb nga vendet me shp\u00ebrthime komunitare, q\u00eb na jep mund\u00ebsin\u00eb p\u00ebr t\u00eb ndjekur rastin nga epidemiolog\u00ebt n\u00ebse do t\u00eb jet\u00eb e nevojshme. N\u00ebse ka shenja dyshuese, telefonohet nr. 127 q\u00eb b\u00ebn t\u00eb gjith\u00eb koordinimin e rasteve.<\/em><\/p>\n<p>Manastirliu vuri theksin tek r\u00ebnd\u00ebsia e informacionit n\u00eb koh\u00eb reale dhe vigjilenc\u00ebs s\u00eb shtuar.<\/p>\n<p><strong>Manastirliu:<\/strong>\u00a0<em>Duhet t\u00eb vijojm\u00eb t\u00eb marrim masa n\u00eb k\u00ebt\u00eb situat\u00eb, madje me nj\u00eb vigjilenc\u00eb t\u00eb shtuar, q\u00eb \u00ebsht\u00eb shum\u00eb e r\u00ebnd\u00ebsishme n\u00eb k\u00ebto momente p\u00ebr verifikimin e t\u00eb gjith\u00eb pasagjer\u00ebve edhe skedimin e tyre n\u00eb k\u00ebt\u00eb sistem q\u00eb ne kemi krijuar.<\/em><\/p>\n<p>N\u00eb pikat kufitare ajrore dhe detare, jan\u00eb dyfishuar ekipet e sh\u00ebndet\u00ebsis\u00eb p\u00ebr t\u00eb pasur kontroll t\u00eb imt\u00ebsish\u00ebm.<\/p>\n<p>N\u00eb vijim t\u00eb masave t\u00eb marra Urgjenca Komb\u00ebtare ka vendosur n\u00eb dispozicion autoambulanca t\u00eb dedikuara n\u00eb pikat kufitare. Gjithashtu jan\u00eb marr\u00eb masat p\u00ebr rritjen e stokut t\u00eb mjeteve t\u00eb mbrojtjes specifike personale p\u00ebr t\u00eb gjitha hallkat e sh\u00ebrbimit, nga pikat kufitare, n\u00eb strukturat sh\u00ebndet\u00ebsore spitalore.<\/p>\n<p>Sipas raportimeve t\u00eb stafit mjek\u00ebsore n\u00eb Portin e Durr\u00ebsit nuk ka pasur raste t\u00eb temperaturave t\u00eb lart\u00eb dhe mesatarisht rreth 400 udh\u00ebtar\u00eb n\u00eb dit\u00eb informohen dhe k\u00ebshillohen.<\/p>\n<p>N\u00eb 24 or\u00ebt e fundit n\u00eb t\u00eb gjitha pikat kufitare n\u00eb total kan\u00eb hyr\u00eb 17,770 udh\u00ebtar\u00eb, t\u00eb cil\u00ebt jan\u00eb vler\u00ebsuar, mb\u00ebshtetur n\u00eb survejanc\u00ebn e p\u00ebrforcuar p\u00ebr monitorimin e temperatur\u00ebs.<\/p>\n","protected":false},"excerpt":{"rendered":"<p>Ministrja e Sh\u00ebndet\u00ebsis\u00eb dhe Mbrojtjes Sociale Ogerta Manastirliu ka inspektuar masat e marra p\u00ebr parandalimin dhe kontrollin e koronavirusit COVID-19 n\u00eb Portin e Durr\u00ebsit. Manastirliu ka deklaruar se duhet t\u00eb rritet vigjilenca akoma m\u00eb shum\u00eb n\u00eb pikat kufitare. Manastirliu:\u00a0\u00cbsht\u00eb shum\u00eb e r\u00ebnd\u00ebsishme jo vet\u00ebm t\u00eb kryhet monitorimi i temperatur\u00ebs por edhe plot\u00ebsimi i sked\u00ebs s\u00eb [&hellip;]<\/p>\n","protected":false},"author":2013,"featured_media":123416,"comment_status":"open","ping_status":"closed","sticky":false,"template":"","format":"standard","meta":{"footnotes":""},"categories":[241,235],"tags":[],"class_list":{"0":"post-123415","1":"post","2":"type-post","3":"status-publish","4":"format-standard","5":"has-post-thumbnail","7":"category-aktualitet","8":"category-vendi"},"_links":{"self":[{"href":"https:\/\/zjarr.tv\/sq\/wp-json\/wp\/v2\/posts\/123415","targetHints":{"allow":["GET"]}}],"collection":[{"href":"https:\/\/zjarr.tv\/sq\/wp-json\/wp\/v2\/posts"}],"about":[{"href":"https:\/\/zjarr.tv\/sq\/wp-json\/wp\/v2\/types\/post"}],"author":[{"embeddable":true,"href":"https:\/\/zjarr.tv\/sq\/wp-json\/wp\/v2\/users\/2013"}],"replies":[{"embeddable":true,"href":"https:\/\/zjarr.tv\/sq\/wp-json\/wp\/v2\/comments?post=123415"}],"version-history":[{"count":0,"href":"https:\/\/zjarr.tv\/sq\/wp-json\/wp\/v2\/posts\/123415\/revisions"}],"wp:featuredmedia":[{"embeddable":true,"href":"https:\/\/zjarr.tv\/sq\/wp-json\/wp\/v2\/media\/123416"}],"wp:attachment":[{"href":"https:\/\/zjarr.tv\/sq\/wp-json\/wp\/v2\/media?parent=123415"}],"wp:term":[{"taxonomy":"category","embeddable":true,"href":"https:\/\/zjarr.tv\/sq\/wp-json\/wp\/v2\/categories?post=123415"},{"taxonomy":"post_tag","embeddable":true,"href":"https:\/\/zjarr.tv\/sq\/wp-json\/wp\/v2\/tags?post=123415"}],"curies":[{"name":"wp","href":"https:\/\/api.w.org\/{rel}","templated":true}]}}