{"id":123426,"date":"2020-03-06T16:16:24","date_gmt":"2020-03-06T15:16:24","guid":{"rendered":"https:\/\/zjarr.tv\/?p=123426"},"modified":"2020-03-06T16:16:24","modified_gmt":"2020-03-06T15:16:24","slug":"u-arratis-nga-burgu-i-koridhalos-ne-2003-pranga-shqiptarit-pas-17-vitesh-ne-arrati","status":"publish","type":"post","link":"https:\/\/zjarr.tv\/sq\/u-arratis-nga-burgu-i-koridhalos-ne-2003-pranga-shqiptarit-pas-17-vitesh-ne-arrati\/","title":{"rendered":"U arratis nga burgu i Koridhalos n\u00eb 2003, pranga shqiptarit pas 17 vitesh n\u00eb arrati"},"content":{"rendered":"<p>Nj\u00eb 48-vje\u00e7ar shqiptar i arratisur nga burgu i Koridhalos q\u00eb nga shkurti 2003 u arrestua nj\u00eb nat\u00eb m\u00eb par\u00eb n\u00eb Sagiada Thesprotia, nga Rojet e Kufirit n\u00eb Filiates.<\/p>\n<p>48-vje\u00e7ari u ndalua si pjes\u00eb e nj\u00eb kontrolli policor n\u00eb rrethin e Sagiada.<\/p>\n<p>Si\u00e7 d\u00ebshmohet nga rrjedha e hetimit policor, prokuroria ishte n\u00eb k\u00ebrkim t\u00eb tij pasi ai kishte shkelur lejen e burgut t\u00eb dh\u00ebn\u00eb m\u00eb 22 shkurt 2003 p\u00ebr t\u00eb mos u kthyer m\u00eb n\u00eb qeli.<\/p>\n<p>Shqiptari ishte d\u00ebnuar me shtat\u00eb vjet burg nga Gjykata e \u00a0Apelit n\u00eb Pentamelos, p\u00ebr posedim dhe p\u00ebrpjekje p\u00ebr shitje t\u00eb l\u00ebnd\u00ebve narkotike.<\/p>\n<p>48-vje\u00e7ari i arrestuar u d\u00ebrgua n\u00eb Prokurorin\u00eb e Thesprotis\u00eb.<\/p>\n","protected":false},"excerpt":{"rendered":"<p>Nj\u00eb 48-vje\u00e7ar shqiptar i arratisur nga burgu i Koridhalos q\u00eb nga shkurti 2003 u arrestua nj\u00eb nat\u00eb m\u00eb par\u00eb n\u00eb Sagiada Thesprotia, nga Rojet e Kufirit n\u00eb Filiates. 48-vje\u00e7ari u ndalua si pjes\u00eb e nj\u00eb kontrolli policor n\u00eb rrethin e Sagiada. Si\u00e7 d\u00ebshmohet nga rrjedha e hetimit policor, prokuroria ishte n\u00eb k\u00ebrkim t\u00eb tij pasi [&hellip;]<\/p>\n","protected":false},"author":2013,"featured_media":123427,"comment_status":"open","ping_status":"closed","sticky":false,"template":"","format":"standard","meta":{"footnotes":""},"categories":[241,235],"tags":[],"class_list":{"0":"post-123426","1":"post","2":"type-post","3":"status-publish","4":"format-standard","5":"has-post-thumbnail","7":"category-aktualitet","8":"category-vendi"},"_links":{"self":[{"href":"https:\/\/zjarr.tv\/sq\/wp-json\/wp\/v2\/posts\/123426","targetHints":{"allow":["GET"]}}],"collection":[{"href":"https:\/\/zjarr.tv\/sq\/wp-json\/wp\/v2\/posts"}],"about":[{"href":"https:\/\/zjarr.tv\/sq\/wp-json\/wp\/v2\/types\/post"}],"author":[{"embeddable":true,"href":"https:\/\/zjarr.tv\/sq\/wp-json\/wp\/v2\/users\/2013"}],"replies":[{"embeddable":true,"href":"https:\/\/zjarr.tv\/sq\/wp-json\/wp\/v2\/comments?post=123426"}],"version-history":[{"count":0,"href":"https:\/\/zjarr.tv\/sq\/wp-json\/wp\/v2\/posts\/123426\/revisions"}],"wp:featuredmedia":[{"embeddable":true,"href":"https:\/\/zjarr.tv\/sq\/wp-json\/wp\/v2\/media\/123427"}],"wp:attachment":[{"href":"https:\/\/zjarr.tv\/sq\/wp-json\/wp\/v2\/media?parent=123426"}],"wp:term":[{"taxonomy":"category","embeddable":true,"href":"https:\/\/zjarr.tv\/sq\/wp-json\/wp\/v2\/categories?post=123426"},{"taxonomy":"post_tag","embeddable":true,"href":"https:\/\/zjarr.tv\/sq\/wp-json\/wp\/v2\/tags?post=123426"}],"curies":[{"name":"wp","href":"https:\/\/api.w.org\/{rel}","templated":true}]}}