{"id":123429,"date":"2020-03-06T16:17:32","date_gmt":"2020-03-06T15:17:32","guid":{"rendered":"https:\/\/zjarr.tv\/?p=123429"},"modified":"2020-03-06T16:18:01","modified_gmt":"2020-03-06T15:18:01","slug":"masat-per-koronavirusin-nxenesit-kontrollohen-cdo-mengjes-ne-shkolla","status":"publish","type":"post","link":"https:\/\/zjarr.tv\/sq\/masat-per-koronavirusin-nxenesit-kontrollohen-cdo-mengjes-ne-shkolla\/","title":{"rendered":"Masat p\u00ebr koronavirusin, nx\u00ebn\u00ebsit kontrollohen \u00e7do m\u00ebngjes n\u00eb shkolla"},"content":{"rendered":"<p>\u00c7do m\u00ebngjes mjek\u00ebt n\u00eb shkolla kontrollojn\u00eb nx\u00ebn\u00ebsit nga frika e p\u00ebrhapjes s\u00eb koronavirusit.<\/p>\n<p>Stafi mjek\u00ebsor n\u00eb k\u00ebto institucione \u00ebsht\u00eb shtuar duke specifikuar edhe kontrollet p\u00ebr COVID 19.<\/p>\n<p>Shefja e sh\u00ebrbimit t\u00eb epidemiologjis\u00eb dhe sh\u00ebndetit mjek\u00ebsor Abikela Seitaj shprehet se ka pasur raste kur nx\u00ebn\u00ebsve u \u00ebsht\u00eb k\u00ebrkuar t\u00eb q\u00ebndrojn\u00eb n\u00eb sht\u00ebpi pasi kan\u00eb ardhur nga vende ku \u00ebsht\u00eb p\u00ebr hapur koronavirusi ose kan\u00eb pasur kontakte me persona q\u00eb vijn\u00eb prej andej.<\/p>\n<p><em>\u201cMjeku q\u00eb \u00ebsht\u00eb n\u00eb k\u00ebto shkolla b\u00ebn filtrin e dit\u00ebs, b\u00ebn monitorimin e klasave duke par\u00eb n\u00ebse ka problematike sipas gjykimit profesional dhe jan\u00eb marr\u00eb vet\u00ebm masa paraprake n\u00ebse f\u00ebmija ka udh\u00ebtuar n\u00eb vendet e prekura dhe sidomos vendet q\u00eb kane nj\u00eb prekshm\u00ebri t\u00eb lart\u00eb t\u00eb COVID-19 dhe ata jan\u00eb mbajtur n\u00eb q\u00ebndrim sht\u00ebpie p\u00ebr t\u00eb par\u00eb n\u00ebse jan\u00eb asimptomatik\u00eb.\u201d\u00a0<\/em><\/p>\n<p><em>\u201cUji \u00ebsht\u00eb nj\u00eb nga detyrimet p\u00ebr t\u00eb ruajtur higjien\u00ebn sanitare, q\u00eb t\u00eb jen\u00eb sa m\u00eb t\u00eb past\u00ebr dhe t\u00eb lajn\u00eb duart, por nuk \u00ebsht\u00eb rrezik n\u00ebse nuk ke uj\u00eb dhe do t\u00eb infektohesh. Ai ngjitet n\u00ebse ke nj\u00eb rast t\u00eb konfirmuar.\u201d<\/em><\/p>\n<p>Lidhur me situat\u00ebn \u00a0e helmimit t\u00eb nx\u00ebn\u00ebsve dhe m\u00ebsuesve ne Fier, Seitaj u shpreh se fillimisht nx\u00ebn\u00ebsit duhet t\u00eb marrin ndihm\u00ebn e par\u00eb nga mjeku i shkoll\u00ebs, por n\u00eb nj\u00eb situat\u00eb urgjente si ajo, ndihma mjek\u00ebsore m\u00eb e specializuar ishte e domosdoshme.<\/p>\n","protected":false},"excerpt":{"rendered":"<p>\u00c7do m\u00ebngjes mjek\u00ebt n\u00eb shkolla kontrollojn\u00eb nx\u00ebn\u00ebsit nga frika e p\u00ebrhapjes s\u00eb koronavirusit. Stafi mjek\u00ebsor n\u00eb k\u00ebto institucione \u00ebsht\u00eb shtuar duke specifikuar edhe kontrollet p\u00ebr COVID 19. Shefja e sh\u00ebrbimit t\u00eb epidemiologjis\u00eb dhe sh\u00ebndetit mjek\u00ebsor Abikela Seitaj shprehet se ka pasur raste kur nx\u00ebn\u00ebsve u \u00ebsht\u00eb k\u00ebrkuar t\u00eb q\u00ebndrojn\u00eb n\u00eb sht\u00ebpi pasi kan\u00eb ardhur nga [&hellip;]<\/p>\n","protected":false},"author":2013,"featured_media":123430,"comment_status":"open","ping_status":"closed","sticky":false,"template":"","format":"standard","meta":{"footnotes":""},"categories":[241,235],"tags":[],"class_list":{"0":"post-123429","1":"post","2":"type-post","3":"status-publish","4":"format-standard","5":"has-post-thumbnail","7":"category-aktualitet","8":"category-vendi"},"_links":{"self":[{"href":"https:\/\/zjarr.tv\/sq\/wp-json\/wp\/v2\/posts\/123429","targetHints":{"allow":["GET"]}}],"collection":[{"href":"https:\/\/zjarr.tv\/sq\/wp-json\/wp\/v2\/posts"}],"about":[{"href":"https:\/\/zjarr.tv\/sq\/wp-json\/wp\/v2\/types\/post"}],"author":[{"embeddable":true,"href":"https:\/\/zjarr.tv\/sq\/wp-json\/wp\/v2\/users\/2013"}],"replies":[{"embeddable":true,"href":"https:\/\/zjarr.tv\/sq\/wp-json\/wp\/v2\/comments?post=123429"}],"version-history":[{"count":0,"href":"https:\/\/zjarr.tv\/sq\/wp-json\/wp\/v2\/posts\/123429\/revisions"}],"wp:featuredmedia":[{"embeddable":true,"href":"https:\/\/zjarr.tv\/sq\/wp-json\/wp\/v2\/media\/123430"}],"wp:attachment":[{"href":"https:\/\/zjarr.tv\/sq\/wp-json\/wp\/v2\/media?parent=123429"}],"wp:term":[{"taxonomy":"category","embeddable":true,"href":"https:\/\/zjarr.tv\/sq\/wp-json\/wp\/v2\/categories?post=123429"},{"taxonomy":"post_tag","embeddable":true,"href":"https:\/\/zjarr.tv\/sq\/wp-json\/wp\/v2\/tags?post=123429"}],"curies":[{"name":"wp","href":"https:\/\/api.w.org\/{rel}","templated":true}]}}