{"id":123434,"date":"2020-03-06T16:34:25","date_gmt":"2020-03-06T15:34:25","guid":{"rendered":"https:\/\/zjarr.tv\/?p=123434"},"modified":"2020-03-06T16:34:58","modified_gmt":"2020-03-06T15:34:58","slug":"tritan-shehu-ky-parlament-duhet-te-shperndahet-ne-rast-te-kundert-shqiptaret-ta-marrin-me-06-mars-2020-1631","status":"publish","type":"post","link":"https:\/\/zjarr.tv\/sq\/tritan-shehu-ky-parlament-duhet-te-shperndahet-ne-rast-te-kundert-shqiptaret-ta-marrin-me-06-mars-2020-1631\/","title":{"rendered":"Tritan Shehu: Ky parlament duhet t\u00eb shp\u00ebrndahet, n\u00eb rast t\u00eb kund\u00ebrt shqiptar\u00ebt ta marrin me\u2026"},"content":{"rendered":"<p>Ish- ministri i PD Tritan Shehu ka k\u00ebrkuar edhe sot t\u00eb shp\u00ebrndahet nj\u00eb or\u00eb e par\u00eb parlamenti q\u00eb kriza t\u00eb marr\u00eb nj\u00eb zgjidhje urgjente radikale.<\/p>\n<p>N\u00eb rast se Kuvendi nuk shp\u00ebrndahet Shehu shprehet se ose shqiptar\u00ebt ta zbarsin at\u00eb sall\u00eb, ose t\u00eb largohen t\u00eb gjith\u00eb deputet\u00ebt n\u00eb Kuvend.<\/p>\n<p><strong>STATUSI I TRITAN SHEHUT<\/strong><\/p>\n<p>Ky Parlament duhet shperndare nje ore e me pare\u2026!<\/p>\n<p>Nje aresye me shume vjen duke degjuar \u201cfjalimet\u201d e 42 pupaceve.<br \/>\nNe rast te kundert, po behemi cdo dite e me shume gazi i botes e po humbim cdo dinjitet e vlere.<br \/>\nFatkeqesisht ky Parlament eshte shume here me poshte se dhe mezatarja e nivelit intelektual e profesional te shqiptareve.<\/p>\n<p>Vazhdimi i tij vetem rrezikon dy gjera, ose qe shqiptaret ta marrin me yhaaaaa deri sa te zbrazin ate salle, ose te marrin te gjithe nga syte kem<span class=\"text_exposed_show\">bet.<br \/>\nDhe kjo nuk ka lidhje m\u00eb pse u krijua kjo situate, ky tashme eshte nje realitet i hidhur e shkaterrues, qe urgjent kerkon nje zgjidhje radikale.<\/span><\/p>\n<div class=\"text_exposed_show\">\n<p><iframe loading=\"lazy\" src=\"https:\/\/www.facebook.com\/plugins\/post.php?href=https%3A%2F%2Fwww.facebook.com%2FTritanShehu%2Fposts%2F2780813398640778&amp;width=500\" width=\"500\" height=\"621\" frameborder=\"0\" scrolling=\"no\" data-mce-fragment=\"1\"><\/iframe><\/p>\n<p>&nbsp;<\/p>\n<\/div>\n","protected":false},"excerpt":{"rendered":"<p>Ish- ministri i PD Tritan Shehu ka k\u00ebrkuar edhe sot t\u00eb shp\u00ebrndahet nj\u00eb or\u00eb e par\u00eb parlamenti q\u00eb kriza t\u00eb marr\u00eb nj\u00eb zgjidhje urgjente radikale. N\u00eb rast se Kuvendi nuk shp\u00ebrndahet Shehu shprehet se ose shqiptar\u00ebt ta zbarsin at\u00eb sall\u00eb, ose t\u00eb largohen t\u00eb gjith\u00eb deputet\u00ebt n\u00eb Kuvend. STATUSI I TRITAN SHEHUT Ky Parlament duhet [&hellip;]<\/p>\n","protected":false},"author":2013,"featured_media":86737,"comment_status":"open","ping_status":"closed","sticky":false,"template":"","format":"standard","meta":{"footnotes":""},"categories":[241,235],"tags":[],"class_list":{"0":"post-123434","1":"post","2":"type-post","3":"status-publish","4":"format-standard","5":"has-post-thumbnail","7":"category-aktualitet","8":"category-vendi"},"_links":{"self":[{"href":"https:\/\/zjarr.tv\/sq\/wp-json\/wp\/v2\/posts\/123434","targetHints":{"allow":["GET"]}}],"collection":[{"href":"https:\/\/zjarr.tv\/sq\/wp-json\/wp\/v2\/posts"}],"about":[{"href":"https:\/\/zjarr.tv\/sq\/wp-json\/wp\/v2\/types\/post"}],"author":[{"embeddable":true,"href":"https:\/\/zjarr.tv\/sq\/wp-json\/wp\/v2\/users\/2013"}],"replies":[{"embeddable":true,"href":"https:\/\/zjarr.tv\/sq\/wp-json\/wp\/v2\/comments?post=123434"}],"version-history":[{"count":0,"href":"https:\/\/zjarr.tv\/sq\/wp-json\/wp\/v2\/posts\/123434\/revisions"}],"wp:featuredmedia":[{"embeddable":true,"href":"https:\/\/zjarr.tv\/sq\/wp-json\/wp\/v2\/media\/86737"}],"wp:attachment":[{"href":"https:\/\/zjarr.tv\/sq\/wp-json\/wp\/v2\/media?parent=123434"}],"wp:term":[{"taxonomy":"category","embeddable":true,"href":"https:\/\/zjarr.tv\/sq\/wp-json\/wp\/v2\/categories?post=123434"},{"taxonomy":"post_tag","embeddable":true,"href":"https:\/\/zjarr.tv\/sq\/wp-json\/wp\/v2\/tags?post=123434"}],"curies":[{"name":"wp","href":"https:\/\/api.w.org\/{rel}","templated":true}]}}