{"id":123438,"date":"2020-03-07T12:52:56","date_gmt":"2020-03-07T11:52:56","guid":{"rendered":"https:\/\/zjarr.tv\/?p=123438"},"modified":"2020-03-07T12:52:56","modified_gmt":"2020-03-07T11:52:56","slug":"presidenti-meta-uron-7-marsin-nje-falenderim-te-vecante-kam-per-mesuesen-time-te-pare","status":"publish","type":"post","link":"https:\/\/zjarr.tv\/sq\/presidenti-meta-uron-7-marsin-nje-falenderim-te-vecante-kam-per-mesuesen-time-te-pare\/","title":{"rendered":"Presidenti Meta uron 7 Marsin: Nj\u00eb fal\u00ebnderim t\u00eb ve\u00e7ant\u00eb kam p\u00ebr m\u00ebsuesen time t\u00eb par\u00eb"},"content":{"rendered":"<p>N\u00eb dit\u00ebn e 7 marsit, presidenti Ilir Meta ka uruar gjith\u00eb m\u00ebsuesit shqiptar\u00eb.<\/p>\n<p>P\u00ebrmes nj\u00eb postimi n\u00eb facebook, Meta ka kujtuar edhe m\u00ebsuesen e tij t\u00eb par\u00eb.<\/p>\n<p>Meta nuk ka harruar t&#8217;i falenderoj\u00eb m\u00ebsuesit, pedagog\u00ebt dhe profesor\u00ebt shqiptar\u00eb jan\u00eb v\u00ebn\u00eb sot n\u00eb ball\u00eb t\u00eb asaj q\u00eb Meta e quan pranvera kuqezi.<\/p>\n<p><strong>Meta:<\/strong>\u00a0<em>G\u00ebzuar 7 marsin, Dit\u00ebn e M\u00ebsuesit! G\u00ebzuar k\u00ebt\u00eb dit\u00eb nderimi t\u00eb madh p\u00ebr \u00e7do m\u00ebsues, pedagog dhe profesor shqiptar, dhe shum\u00eb suksese n\u00eb misionin fisnik t\u00eb m\u00ebkimit t\u00eb dijes, vlerave qytetare, atdhetare e patriotike!<br \/>\nNj\u00eb urim dhe nj\u00eb fal\u00ebnderim t\u00eb ve\u00e7ant\u00eb kam sot p\u00ebr m\u00ebsuesen time t\u00eb par\u00eb Lenin, m\u00ebsueset e mia tek &#8220;Kongresi i Lushnj\u00ebs&#8221;, &#8220;Fan Noli&#8221; dhe &#8220;Sami Frash\u00ebri&#8221;, Kadrie Dibra, Kasiani Nikolla, Af\u00ebrdita Sara\u00e7i, Dolorez Cipo, Mirjana Hoxhasi, Nafie Ciu, Ana Papa, Fatmira Kocani, Enis Terhati, Edmond Gega e shum\u00eb t\u00eb tjer\u00eb, si dhe p\u00ebr t\u00eb gjith\u00eb profesor\u00ebt e pedagog\u00ebt e mi t\u00eb dashur t\u00eb cil\u00ebt i kujtoj me shum\u00eb respekt dhe nostalgji.<br \/>\nNderim p\u00ebrjet\u00eb dhe mir\u00ebnjohje gjeneratave t\u00eb m\u00ebsuesve shqiptar\u00eb q\u00eb me sakrifica sublime u vun\u00eb n\u00eb ball\u00eb t\u00eb l\u00ebvizjeve komb\u00ebtare, jo vet\u00ebm p\u00ebr lirin\u00eb e pavar\u00ebsin\u00eb e Shqip\u00ebris\u00eb, por edhe p\u00ebr demokratizimin e saj, duke i prir\u00eb zhvillimit, emancipimit dhe demokratizimit t\u00eb vendit!<br \/>\nFaleminderit edhe t\u00eb gjith\u00eb m\u00ebsuesve, pedagog\u00ebve e profesor\u00ebve t\u00eb nderuar q\u00eb s\u00eb bashku me ajk\u00ebn e elit\u00ebs s\u00eb intelektual\u00ebve shqiptar\u00eb jan\u00eb v\u00ebn\u00eb sot n\u00eb ball\u00eb t\u00eb PRANVER\u00cbS KUQEZI!<br \/>\nLavdi p\u00ebrjet\u00eb atyre q\u00eb dhan\u00eb jet\u00ebn p\u00ebr gjuh\u00ebn ton\u00eb t\u00eb shenjt\u00eb!<br \/>\nT\u00eb mos harrojm\u00eb kurr\u00eb amanetin e Petro Nini Luarasit: &#8220;Mblidheni gjakun tim q\u00eb ta p\u00ebrdorin f\u00ebmij\u00ebt p\u00ebr t\u00eb shkruar shqip!&#8221;<\/em><\/p>\n","protected":false},"excerpt":{"rendered":"<p>N\u00eb dit\u00ebn e 7 marsit, presidenti Ilir Meta ka uruar gjith\u00eb m\u00ebsuesit shqiptar\u00eb. P\u00ebrmes nj\u00eb postimi n\u00eb facebook, Meta ka kujtuar edhe m\u00ebsuesen e tij t\u00eb par\u00eb. Meta nuk ka harruar t&#8217;i falenderoj\u00eb m\u00ebsuesit, pedagog\u00ebt dhe profesor\u00ebt shqiptar\u00eb jan\u00eb v\u00ebn\u00eb sot n\u00eb ball\u00eb t\u00eb asaj q\u00eb Meta e quan pranvera kuqezi. Meta:\u00a0G\u00ebzuar 7 marsin, Dit\u00ebn [&hellip;]<\/p>\n","protected":false},"author":2013,"featured_media":123439,"comment_status":"open","ping_status":"closed","sticky":false,"template":"","format":"standard","meta":{"footnotes":""},"categories":[241,235],"tags":[],"class_list":{"0":"post-123438","1":"post","2":"type-post","3":"status-publish","4":"format-standard","5":"has-post-thumbnail","7":"category-aktualitet","8":"category-vendi"},"_links":{"self":[{"href":"https:\/\/zjarr.tv\/sq\/wp-json\/wp\/v2\/posts\/123438","targetHints":{"allow":["GET"]}}],"collection":[{"href":"https:\/\/zjarr.tv\/sq\/wp-json\/wp\/v2\/posts"}],"about":[{"href":"https:\/\/zjarr.tv\/sq\/wp-json\/wp\/v2\/types\/post"}],"author":[{"embeddable":true,"href":"https:\/\/zjarr.tv\/sq\/wp-json\/wp\/v2\/users\/2013"}],"replies":[{"embeddable":true,"href":"https:\/\/zjarr.tv\/sq\/wp-json\/wp\/v2\/comments?post=123438"}],"version-history":[{"count":0,"href":"https:\/\/zjarr.tv\/sq\/wp-json\/wp\/v2\/posts\/123438\/revisions"}],"wp:featuredmedia":[{"embeddable":true,"href":"https:\/\/zjarr.tv\/sq\/wp-json\/wp\/v2\/media\/123439"}],"wp:attachment":[{"href":"https:\/\/zjarr.tv\/sq\/wp-json\/wp\/v2\/media?parent=123438"}],"wp:term":[{"taxonomy":"category","embeddable":true,"href":"https:\/\/zjarr.tv\/sq\/wp-json\/wp\/v2\/categories?post=123438"},{"taxonomy":"post_tag","embeddable":true,"href":"https:\/\/zjarr.tv\/sq\/wp-json\/wp\/v2\/tags?post=123438"}],"curies":[{"name":"wp","href":"https:\/\/api.w.org\/{rel}","templated":true}]}}