{"id":123441,"date":"2020-03-07T12:54:05","date_gmt":"2020-03-07T11:54:05","guid":{"rendered":"https:\/\/zjarr.tv\/?p=123441"},"modified":"2020-03-07T12:54:05","modified_gmt":"2020-03-07T11:54:05","slug":"kapshtice-brenda-shkurtit-u-ndaluan-920-klandestine","status":"publish","type":"post","link":"https:\/\/zjarr.tv\/sq\/kapshtice-brenda-shkurtit-u-ndaluan-920-klandestine\/","title":{"rendered":"Kapshtic\u00eb: Brenda shkurtit u ndaluan 920 klandestin\u00eb"},"content":{"rendered":"<p>Muaji shkurt ka sh\u00ebnuar nj\u00eb num\u00ebr t\u00eb konsideruesh\u00ebm shtetasish t\u00eb huaj q\u00eb kan\u00eb tentuar t\u00eb hyjn\u00eb n\u00eb Shqip\u00ebri ilegalisht nga zona e Kapshtic\u00ebs.<\/p>\n<p>Policia tha se FRONTEX dhe efektivat kufitar\u00eb, jan\u00eb kapur 920 shtetas t\u00eb vendeve t\u00eb treta, p\u00ebr t\u00eb cil\u00ebt jan\u00eb ndjekur procedurat.<\/p>\n<p>N\u00eb kuad\u00ebr t\u00eb kontrolleve t\u00eb p\u00ebrforcuara gjat\u00eb muajit shkurt kan\u00eb evidentuar 19 raste t\u00eb paligjshm\u00ebris\u00eb ku jan\u00eb proceduar penalisht 19 shtetas, p\u00ebr raste t\u00eb falsifikimit t\u00eb vulave n\u00eb pasaporta, &#8220;Kalimit t\u00eb paligjsh\u00ebm t\u00eb kufirit shtet\u00ebror\u201d,<\/p>\n<p>&#8220;Ndihm\u00eb p\u00ebr kalim t\u00eb paligjsh\u00ebm t\u00eb kufirit shtet\u00ebror&#8221; dhe &#8220;Kund\u00ebrshtim t\u00eb punonj\u00ebsit t\u00eb policis\u00eb&#8221;.<\/p>\n<p>Burimet e policis\u00eb than\u00eb se si rezultat i intervistimeve t\u00eb thelluara, jan\u00eb kapur 4 persona n\u00eb k\u00ebrkim t\u00eb cil\u00ebt kan\u00eb tentuar t&#8217;i shmangen kontrollit n\u00ebp\u00ebrmjet dh\u00ebnies s\u00eb identitetit t\u00eb rrem\u00eb.<\/p>\n<p>N\u00eb kuad\u00ebr t\u00eb aplikimit t\u00eb masave shtes\u00eb jan\u00eb kthyer mbrapa duke iu refuzuar dalja pasi nuk justifikonin arsyet e udh\u00ebtimit, 279 shtetas shqiptar\u00eb.<\/p>\n<p>Gjat\u00eb muaji shkurt, policia tha se n\u00eb Kapshtic\u00eb jan\u00eb proceduar me mas\u00eb administrative 76 shtetas shqiptar\u00eb, p\u00ebr thyerje t\u00eb dispozitave t\u00eb ligjit \u00a0&#8220;P\u00ebr Kontrollin Kufitar&#8221; dhe 6 shtetas t\u00eb huaj p\u00ebr thyerje t\u00eb dispozitave t\u00eb ligjit p\u00ebr t\u00eb huajt.<\/p>\n<p>Gjat\u00eb k\u00ebsaj periudhe jan\u00eb kryer 2514 kontrolle t\u00eb imt\u00ebsishme n\u00eb vij\u00ebn e dyt\u00eb dhe skaner p\u00ebr autobus\u00eb, kamion\u00eb dhe autovetura nd\u00ebrsa masat e p\u00ebrforcuara do t\u00eb vazhdojn\u00eb edhe gjat\u00eb muajit mars p\u00ebr shkak t\u00eb situat\u00ebs s\u00eb fluksit t\u00eb emigrant\u00ebve t\u00eb paligjsh\u00ebm mes Turqis\u00eb dhe gremis\u00eb.<\/p>\n","protected":false},"excerpt":{"rendered":"<p>Muaji shkurt ka sh\u00ebnuar nj\u00eb num\u00ebr t\u00eb konsideruesh\u00ebm shtetasish t\u00eb huaj q\u00eb kan\u00eb tentuar t\u00eb hyjn\u00eb n\u00eb Shqip\u00ebri ilegalisht nga zona e Kapshtic\u00ebs. Policia tha se FRONTEX dhe efektivat kufitar\u00eb, jan\u00eb kapur 920 shtetas t\u00eb vendeve t\u00eb treta, p\u00ebr t\u00eb cil\u00ebt jan\u00eb ndjekur procedurat. N\u00eb kuad\u00ebr t\u00eb kontrolleve t\u00eb p\u00ebrforcuara gjat\u00eb muajit shkurt kan\u00eb evidentuar [&hellip;]<\/p>\n","protected":false},"author":2013,"featured_media":123442,"comment_status":"open","ping_status":"closed","sticky":false,"template":"","format":"standard","meta":{"footnotes":""},"categories":[241,235],"tags":[],"class_list":{"0":"post-123441","1":"post","2":"type-post","3":"status-publish","4":"format-standard","5":"has-post-thumbnail","7":"category-aktualitet","8":"category-vendi"},"_links":{"self":[{"href":"https:\/\/zjarr.tv\/sq\/wp-json\/wp\/v2\/posts\/123441","targetHints":{"allow":["GET"]}}],"collection":[{"href":"https:\/\/zjarr.tv\/sq\/wp-json\/wp\/v2\/posts"}],"about":[{"href":"https:\/\/zjarr.tv\/sq\/wp-json\/wp\/v2\/types\/post"}],"author":[{"embeddable":true,"href":"https:\/\/zjarr.tv\/sq\/wp-json\/wp\/v2\/users\/2013"}],"replies":[{"embeddable":true,"href":"https:\/\/zjarr.tv\/sq\/wp-json\/wp\/v2\/comments?post=123441"}],"version-history":[{"count":0,"href":"https:\/\/zjarr.tv\/sq\/wp-json\/wp\/v2\/posts\/123441\/revisions"}],"wp:featuredmedia":[{"embeddable":true,"href":"https:\/\/zjarr.tv\/sq\/wp-json\/wp\/v2\/media\/123442"}],"wp:attachment":[{"href":"https:\/\/zjarr.tv\/sq\/wp-json\/wp\/v2\/media?parent=123441"}],"wp:term":[{"taxonomy":"category","embeddable":true,"href":"https:\/\/zjarr.tv\/sq\/wp-json\/wp\/v2\/categories?post=123441"},{"taxonomy":"post_tag","embeddable":true,"href":"https:\/\/zjarr.tv\/sq\/wp-json\/wp\/v2\/tags?post=123441"}],"curies":[{"name":"wp","href":"https:\/\/api.w.org\/{rel}","templated":true}]}}