{"id":123486,"date":"2020-03-09T11:55:32","date_gmt":"2020-03-09T10:55:32","guid":{"rendered":"https:\/\/zjarr.tv\/?p=123486"},"modified":"2020-03-09T11:55:32","modified_gmt":"2020-03-09T10:55:32","slug":"dy-raste-me-koronavirus-djali-i-ardhur-nga-firence-infekton-babain-ne-tirane","status":"publish","type":"post","link":"https:\/\/zjarr.tv\/sq\/dy-raste-me-koronavirus-djali-i-ardhur-nga-firence-infekton-babain-ne-tirane\/","title":{"rendered":"Dy raste me koronavirus, djali i ardhur nga Firence infekton babain n\u00eb Tiran\u00eb"},"content":{"rendered":"<p>Ministria e Sh\u00ebndet\u00ebsis\u00eb tha se i riu ka hyr\u00eb n\u00eb rrug\u00eb tok\u00ebsore me mjetin e tij p\u00ebrmes pik\u00ebs kufitare t\u00eb Hanit t\u00eb Hotit dhe m\u00eb pas ai ka infektuar babain e tij.<\/p>\n<p>Por gazetari jon\u00eb, Bepin Kolvataj, n\u00eb nj\u00eb raportim nga Hani i Hotit tha se nga verifikimi i sistemit TIMS rezultonn se djali ka hyr\u00eb nga pika kufitare e Muriqanit.<\/p>\n<p>Manastirliu: Dje jan\u00eb konfirmuar dy rastet e para COVID-19 n\u00eb Shqip\u00ebri, b\u00ebhet fjal\u00eb p\u00ebr dy qytetar\u00eb t\u00eb moshave 54 dhe 28 vje\u00e7 banues n\u00eb qytetin e Tiran\u00ebs.Nj\u00ebri \u00ebsht\u00eb rast i importuar i cili ka udh\u00ebtuar nga Firence n\u00eb Shqip\u00ebri n\u00eb rrug\u00eb tok\u00ebsore dhe ka hyr\u00eb p\u00ebrmes pik\u00ebs kufitare t\u00eb Hanit t\u00eb Hotit n\u00eb 26 shkurt nd\u00ebrkoh\u00eb q\u00eb babai \u00ebsht\u00eb rast i konfirmuar si kontakt i ngusht\u00eb.<\/p>\n<p>&#8220;Rezulton t\u00eb jet\u00eb e kund\u00ebrta nga \u00e7far\u00eb ka deklaruar Ministria. Nga verifikimi i sistemit TIMS rezulton se qytetari ka hyr\u00eb nga pika kufitare e Muriqanit. Pik\u00ebrisht djali q\u00eb vinte nga Firence ka hyr\u00eb p\u00ebrmes k\u00ebsaj pike, nd\u00ebrsa babai m\u00ebsohet se kishte dal\u00eb p\u00ebr ta pritur. Ata jan\u00eb me orgjin\u00eb jan\u00eb nga Puka por jetojn\u00eb n\u00eb kryeqytet&#8221; raportoi gazetari i Ora News Bepin Kolvataj nga Hani i Hotit.<\/p>\n<p>Menj\u00ebher\u00eb pas shfaqjes s\u00eb shenjave klinike dhe lajm\u00ebrimit t\u00eb urgjenc\u00ebs komb\u00ebtare n\u00eb nr.127 i jan\u00eb marr\u00eb mostrat, t\u00eb cilat u konfirmuan mbr\u00ebmjen e t\u00eb diel\u00ebs (9 mars) nga laboratori i virologjis\u00eb n\u00eb IShP.<\/p>\n<p>Manastirliu: \u00cbsht\u00eb kontaktuar urgjenca komb\u00ebtare, 127. Sipas protokolleve u jan\u00eb marr\u00eb monstrat djalit dhe babait, t\u00eb cil\u00ebt kan\u00eb pasur shenja klinike. Jan\u00eb d\u00ebrguar n\u00eb laborator p\u00ebr tu analizuar ku kan\u00eb rezultuar pozitiv. Menj\u00ebher\u00eb pas daljes s\u00eb rezultateve ekipi i epidemiolog\u00ebve kan\u00eb kryer verifikimin, izolimin e kontakteve t\u00eb ngushta p\u00ebrgjat\u00eb gjith\u00eb nat\u00ebs, ka marr\u00eb monstrat e kontakteve p\u00ebr analiz\u00eb dhe tashm\u00eb kontaktet e ngushta jan\u00eb izoluar. Dy qytetar\u00ebt, babai dhe i biri po marrin sh\u00ebrbim pran\u00eb sh\u00ebrbimit Infektiv n\u00eb QSUT.<\/p>\n<p>Sipas Ministris\u00eb, dy rastet e konfirmuara me COVID-19 jan\u00eb n\u00eb gjendje t\u00eb stabilizuar dhe po trajtohen n\u00eb spitalin infektiv n\u00eb Tiran\u00eb.<\/p>\n<p>Nd\u00ebrkoh\u00eb strukturat e sh\u00ebndetit publik po realizojn\u00eb hetimin epidemiologjik dhe marrjen e mostrave t\u00eb kontakteve.<\/p>\n<p>MSHMS p\u00ebrs\u00ebrit thirrjen p\u00ebr qytetar\u00ebt q\u00eb kan\u00eb udh\u00ebtuar nga vende t\u00eb prekura dhe ndjejn\u00eb simptoma t\u00eb ngjashme me gripin, t\u00eb telefonojn\u00eb n\u00eb nr.127, ku mjek\u00ebt tan\u00eb do t&#8217;i p\u00ebrgjigjen \u00e7do rasti.<\/p>\n<p>Gjithashtu MSHMS u b\u00ebn thirrje qytetar\u00ebve t\u00eb ruajn\u00eb qet\u00ebsin\u00eb dhe t\u00eb zbatojn\u00eb rigorozisht rregullat e higjen\u00ebs, sipas njoftimeve q\u00eb kemi b\u00ebr\u00eb gjat\u00eb gjith\u00eb k\u00ebsaj kohe.<\/p>\n<p>Masat n\u00eb Han t\u00eb Hotit- Gazetari i Ora News Bepin Kolvataj tha se &#8220;nuk ka masa t\u00eb shtuara. Ka vet\u00ebm matje t\u00eb temperatur\u00ebs dhe nj\u00eb pyet\u00ebsor i shkurt\u00ebr q\u00eb b\u00ebhet p\u00ebr shtetasit q\u00eb hyjn\u00eb. T\u00eb gjitha linjat q\u00eb operojn\u00eb n\u00eb rrug\u00eb tok\u00ebsore kalojn\u00eb p\u00ebrmes pikave kufitare t\u00eb Hanit t\u00eb Hotit dhe Muriqanit&#8221;.<\/p>\n","protected":false},"excerpt":{"rendered":"<p>Ministria e Sh\u00ebndet\u00ebsis\u00eb tha se i riu ka hyr\u00eb n\u00eb rrug\u00eb tok\u00ebsore me mjetin e tij p\u00ebrmes pik\u00ebs kufitare t\u00eb Hanit t\u00eb Hotit dhe m\u00eb pas ai ka infektuar babain e tij. Por gazetari jon\u00eb, Bepin Kolvataj, n\u00eb nj\u00eb raportim nga Hani i Hotit tha se nga verifikimi i sistemit TIMS rezultonn se djali ka [&hellip;]<\/p>\n","protected":false},"author":2013,"featured_media":123487,"comment_status":"open","ping_status":"closed","sticky":false,"template":"","format":"standard","meta":{"footnotes":""},"categories":[241,235],"tags":[],"class_list":{"0":"post-123486","1":"post","2":"type-post","3":"status-publish","4":"format-standard","5":"has-post-thumbnail","7":"category-aktualitet","8":"category-vendi"},"_links":{"self":[{"href":"https:\/\/zjarr.tv\/sq\/wp-json\/wp\/v2\/posts\/123486","targetHints":{"allow":["GET"]}}],"collection":[{"href":"https:\/\/zjarr.tv\/sq\/wp-json\/wp\/v2\/posts"}],"about":[{"href":"https:\/\/zjarr.tv\/sq\/wp-json\/wp\/v2\/types\/post"}],"author":[{"embeddable":true,"href":"https:\/\/zjarr.tv\/sq\/wp-json\/wp\/v2\/users\/2013"}],"replies":[{"embeddable":true,"href":"https:\/\/zjarr.tv\/sq\/wp-json\/wp\/v2\/comments?post=123486"}],"version-history":[{"count":0,"href":"https:\/\/zjarr.tv\/sq\/wp-json\/wp\/v2\/posts\/123486\/revisions"}],"wp:featuredmedia":[{"embeddable":true,"href":"https:\/\/zjarr.tv\/sq\/wp-json\/wp\/v2\/media\/123487"}],"wp:attachment":[{"href":"https:\/\/zjarr.tv\/sq\/wp-json\/wp\/v2\/media?parent=123486"}],"wp:term":[{"taxonomy":"category","embeddable":true,"href":"https:\/\/zjarr.tv\/sq\/wp-json\/wp\/v2\/categories?post=123486"},{"taxonomy":"post_tag","embeddable":true,"href":"https:\/\/zjarr.tv\/sq\/wp-json\/wp\/v2\/tags?post=123486"}],"curies":[{"name":"wp","href":"https:\/\/api.w.org\/{rel}","templated":true}]}}