{"id":123492,"date":"2020-03-09T11:56:56","date_gmt":"2020-03-09T10:56:56","guid":{"rendered":"https:\/\/zjarr.tv\/?p=123492"},"modified":"2020-03-09T11:56:56","modified_gmt":"2020-03-09T10:56:56","slug":"koronavirusi-mbyllen-shkollat-per-2-jave-ndalohen-fluturimet-me-italine-e-veriut","status":"publish","type":"post","link":"https:\/\/zjarr.tv\/sq\/koronavirusi-mbyllen-shkollat-per-2-jave-ndalohen-fluturimet-me-italine-e-veriut\/","title":{"rendered":"Koronavirusi, mbyllen shkollat p\u00ebr 2 jav\u00eb, ndalohen fluturimet me Italin\u00eb e veriut"},"content":{"rendered":"<p>Qeveria \u00ebsht\u00eb mbledhur me urgjenc\u00eb t\u00eb h\u00ebn\u00ebn n\u00eb m\u00ebngjes pasi u konfirmuan dy raste me koronavirus.<\/p>\n<p>Eshte marre vendim per pezullimin e udh\u00ebtimeve me Italin\u00eb e veriut deri n\u00eb 3 prill si dhe mbylljen e institucioneve arsimore p\u00ebr nj\u00eb periudh\u00eb 2 javore, vendim q\u00eb futet n\u00eb fuqi prej dit\u00ebs s\u00eb sotme.<\/p>\n<p><strong>Rama:\u00a0<\/strong><em>N\u00eb k\u00ebt\u00eb situat\u00eb si n\u00eb \u00e7do situat\u00eb ku p\u00ebrballemi me nj\u00eb gjendje jo t\u00eb zakonshme, thelb\u00ebsore \u00ebsht\u00eb vet\u00ebp\u00ebrmbajtja dhe ndjekja e nj\u00eb burimi t\u00eb certifikuar dhe zbatimi i atyre orientimeve q\u00eb burojn\u00eb nga nevoja p\u00ebr t\u00eb kontribuar p\u00ebr veten dhe p\u00ebr t\u00eb tjer\u00ebt. Ne kemi vendosur n\u00eb dispozicion t\u00eb situat\u00ebs financat p\u00ebrkat\u00ebse dhe nj\u00eb fond tjet\u00ebr prej 400 milion lek\u00ebsh, p\u00ebr t\u00eb plot\u00ebsuar nevojat e k\u00ebsaj faze t\u00eb mb\u00ebshtetjes s\u00eb sistemit ton\u00eb sh\u00ebndet\u00ebsor. Kemi gjetur mir\u00ebkuptimin dhe angazhimin maksimal t\u00eb personelit mjek\u00ebsor, e gjith\u00eb struktura e personlit sh\u00ebndet\u00ebsor q\u00eb \u00ebsht\u00eb parashikuar p\u00ebr tu futur hap pas hapi n\u00eb dispozicion t\u00eb k\u00ebsaj p\u00ebrballje \u00ebsht\u00eb e mir\u00ebinfirmouar. Ka ardhur momenti gjithnj\u00eb n\u00eb ndjekje t\u00eb protokollit t\u00eb OBSH, jan\u00eb pezullimi i udh\u00ebtimeve me Italin\u00eb e veriut deri n\u00eb 3 prill. Mbyllja e institucioneve arsimore p\u00ebr nj\u00eb periudh\u00eb 2 javore.<\/em><\/p>\n<p><strong>Rama:\u00a0<\/strong><em>Nga t\u00eb gjitha statistikat e nxjerra deri tani t\u00eb zhvillimit t\u00eb k\u00ebsaj p\u00ebrballje, pjesa m\u00eb pak e k\u00ebrc\u00ebnuar jan\u00eb f\u00ebmij\u00ebt. Por nga ana tjet\u00ebr duhet kuptuar se t\u00eb rinjt\u00eb apo f\u00ebmij\u00ebt, p\u00ebr shkak t\u00eb faktit q\u00eb duhet t\u00eb shkojn\u00eb n\u00eb shkoll\u00eb apo kopsht, jan\u00eb bart\u00ebs edhe pse p\u00ebr ata vet\u00eb virusi nuk shfaqet k\u00ebrc\u00ebnues p\u00ebr rrezikshm\u00ebri p\u00ebr jet\u00ebn. P\u00ebr k\u00ebt\u00eb ne besojm\u00eb t\u00eb mbyllim t\u00eb gjitha institucionet arimore, t\u00eb pezullojm\u00eb t\u00eb gjitha konferencat, d\u00ebgjesave, aktiviteteve sportive deri n\u00eb dat\u00ebn 3 prill. Nj\u00eb tjet\u00ebr element q\u00eb duhet t\u00eb theksohet \u00ebsht\u00eb vet\u00ebkarantinimi i personave q\u00eb vijn\u00eb nga zona me shp\u00ebrthim t\u00eb koronavirusit me nivel komunitar.\u00a0<\/em><\/p>\n<p>Kryeministri Rama informon se qeveria ka v\u00ebn\u00eb n\u00eb l\u00ebvizje masat e planifikuara pas shfaqjes s\u00eb rastit t\u00eb par\u00eb me koronavirus.<\/p>\n<p><strong>Edi Rama:\u00a0<\/strong><em>\u00c7do individ prej nesh duhet t\u00eb marr\u00eb masa t\u00eb thjeshta t\u00eb k\u00ebshilluara nga OBSH. N\u00eb \u00e7do rast duhet t\u00eb kontaktoni me urgjenc\u00ebn komb\u00ebtare n\u00ebse konstatoni raste. Strukturat tona jan\u00eb p\u00ebrgatitur intensivisht gjat\u00eb k\u00ebsaj periudhe dhe jan\u00eb n\u00eb gatishm\u00ebri p\u00ebr k\u00ebt\u00eb situat\u00eb, q\u00eb ndiqet n\u00eb gjith\u00eb dinamik\u00ebn e saj. Sot k\u00ebrkon nj\u00eb p\u00ebrshkall\u00ebzim t\u00eb par\u00eb masash bazuar n\u00eb planin e hartuar sipas orientime dhe protokollit t\u00eb OBSH. Gjat\u00eb k\u00ebsaj kohe ka patur shum\u00eb shenja shqet\u00ebsuese, diku t\u00eb shkatuara prej panikut, diku t\u00eb motivuara nga arsyet dhe mos arsyet e zakonshme n\u00eb raste t\u00eb tilla, p\u00ebrmes burimesh t\u00eb pa\u00e7ertifikuara p\u00ebr nj\u00eb situat\u00eb t\u00eb till\u00eb. N\u00eb vendet ku ka prehaluar qet\u00ebsia dhe vet\u00ebp\u00ebrmbajtja lufta ndaj koronavirusit \u00ebsht\u00eb shum\u00eb e suksesshme.<\/em><\/p>\n<p><em>OBSH nuk rekomandon mbylljen e kufijve. Faktikisht mbyllja e kufijve \u00ebsht\u00eb nj\u00eb mas\u00eb shum\u00eb drastike e p\u00ebrdorur fare apo pjes\u00ebrisht n\u00eb raste shum\u00eb specifike apo t\u00eb lidhura me t\u00eb dh\u00ebna shum\u00eb specifike q\u00eb Shqip\u00ebria sot nuk i ka. Ne planin e veprimet e kemi n\u00eb tryez\u00eb, me konfirmimin e rastit t\u00eb rastit t\u00eb par\u00eb futemi n\u00eb skenarin e par\u00eb. Task Forca e p\u00ebrb\u00ebr\u00eb nga disa struktura shtet\u00ebrore, ka punuar n\u00eb m\u00ebnyr\u00eb t\u00eb pand\u00ebrprer\u00eb dhe vijon t\u00eb zbatoj\u00eb planin e masave q\u00eb bazohet n\u00eb tre drejtime: kufizimi me q\u00ebllim parandalimin e p\u00ebrhapjes, shtyrja n\u00eb koh\u00eb e p\u00ebrhapjes s\u00eb infeksionit dhe leht\u00ebsimine pasojave q\u00eb mund t\u00eb sjell infektimi me Covid-19. Jemi n\u00eb konsultim t\u00eb vazhduesh\u00ebm me OBSH p\u00ebr k\u00ebto masa.\u00a0<\/em><\/p>\n<p>Duke arsyetuar se f\u00ebmij\u00ebt jan\u00eb m\u00eb pak t\u00eb rrezikuar nga koronavirusi, Rama u shpreh se ata mund t\u00eb jen\u00eb bart\u00ebs, p\u00ebr k\u00ebt\u00eb arsye ai u shpreh se po merret vendimi p\u00ebr t\u00eb mbyllur shkollat. Gjithashtu kryeministri tha se do t\u00eb pezullohen dhe aktivitetet e tjera publike duke p\u00ebrfshir\u00eb ato sportive.<\/p>\n<p><strong>Vet\u00ebkarantinim, kush e shkel nd\u00ebshkohet:\u00a0<\/strong>Rama apeloi p\u00ebr zbatimin e rregullave t\u00eb vet\u00ebkarantinimit, duke u shprehur se n\u00ebse ato do t\u00eb shkelen do t\u00eb merren masa administrative. Nd\u00ebrkoh\u00eb Kryeministri u shpreh se institucionet e karantinimit jan\u00eb gati dhe spitali gjithashtu \u00ebsht\u00eb gati p\u00ebr t\u00eb p\u00ebrballuar situat\u00ebn, duke k\u00ebrkuar ruajtjen e qet\u00ebsis\u00eb.<\/p>\n<p><strong>Rama:\u00a0<\/strong><em>Vet\u00ebkarantinimi \u00ebsht\u00eb nj\u00eb element q\u00eb gjendet dhe n\u00eb ligjin ton\u00eb aktual dhe po ashtu shoq\u00ebrohet dhe me masa administrative t\u00eb k\u00ebtij rregulli. Sa i takon vendit ton\u00eb gj\u00ebja m\u00eb kryesore \u00ebsht\u00eb se \u00e7do individ \u00ebsht\u00eb t\u00eb kuptoj\u00eb se ka nj\u00eb rol n\u00eb k\u00ebt\u00eb p\u00ebrballje. Dhomat e izolimit n\u00eb sh\u00ebrbimin infektiv jan\u00eb funksionale. Po punohet p\u00ebr t\u00eb pasur gjith\u00eb stokun e materialeve mbrojt\u00ebse personale. Do tu lutesha t\u00eb gjith\u00eb atyre q\u00eb kan\u00eb t\u00eb af\u00ebrm n\u00eb spital q\u00eb t\u00eb kufizojn\u00eb maksimalisht vizitat dhe t\u00eb leht\u00ebsojn\u00eb pun\u00ebn e gjith\u00eb personelit dhe pun\u00ebn ton\u00eb t\u00eb p\u00ebrbashk\u00ebt.\u00a0<\/em><\/p>\n<p><em>N\u00eb fund d\u00ebshiroj t\u00eb b\u00ebj nj\u00eb thirrje p\u00ebr t\u00eb gjitha mediat. \u00cbsht\u00eb n\u00eb k\u00ebto momente nj\u00eb p\u00ebrgjegj\u00ebsi e madhe p\u00ebr sh\u00ebndetin e njer\u00ebzve dhe p\u00ebr mbar\u00ebvajtjen e k\u00ebtij procesi jo t\u00eb leht\u00eb p\u00ebrballje q\u00eb mediat t\u00eb vet\u00ebp\u00ebrmbahen dhe t\u00eb ken\u00eb vet\u00ebdijen se n\u00eb k\u00ebt\u00eb situat\u00eb armiku m\u00eb k\u00ebrc\u00ebnues nuk \u00ebsht\u00eb nuk \u00ebsht\u00eb nuk \u00ebsht\u00eb nuk \u00ebsht\u00eb koronavirusi, por paniku q\u00eb stimulohet nga lajmet e rreme. Besoj se n\u00eb k\u00ebt\u00eb moment t\u00eb gjith\u00eb duhet t\u00eb jemi aleat n\u00eb nj\u00eb p\u00ebrballje q\u00eb shkon p\u00ebrtej dallimeve tona.<\/em><\/p>\n<p><em>Nuk \u00ebsht\u00eb muratja e mesjete\u00ebs. N\u00eb vitin 2008-2009 ka pasur nj\u00eb epidemi H1N1 q\u00eb ka marr\u00eb gjys\u00ebm milioni njer\u00ebz n\u00eb bot\u00eb. Niveli i t\u00eb prekurve, niveli i vdekshm\u00ebris\u00eb tregon qart\u00eb se \u00ebsht\u00eb nj\u00eb epidemi q\u00eb do p\u00ebrballohet me qet\u00ebsi, vet\u00ebp\u00ebrmbajtje dhe me arsye t\u00eb ftoht\u00eb. T\u00eb gjith\u00eb jemi t\u00eb ekspozuar ndaj riskut. T\u00eb gjith\u00eb duhet t\u00eb jemi t\u00eb vet\u00ebdijsh\u00ebm se ku ky virus prek m\u00eb rreziksh\u00ebm, kush jan\u00eb hallkat e dob\u00ebta dhe t\u00eb gjith\u00eb s\u00eb bashku t\u00eb b\u00ebjm\u00eb pun\u00ebn p\u00ebr t\u00eb ruajtur me nj\u00ebri tjetrin.<\/em><\/p>\n","protected":false},"excerpt":{"rendered":"<p>Qeveria \u00ebsht\u00eb mbledhur me urgjenc\u00eb t\u00eb h\u00ebn\u00ebn n\u00eb m\u00ebngjes pasi u konfirmuan dy raste me koronavirus. Eshte marre vendim per pezullimin e udh\u00ebtimeve me Italin\u00eb e veriut deri n\u00eb 3 prill si dhe mbylljen e institucioneve arsimore p\u00ebr nj\u00eb periudh\u00eb 2 javore, vendim q\u00eb futet n\u00eb fuqi prej dit\u00ebs s\u00eb sotme. Rama:\u00a0N\u00eb k\u00ebt\u00eb situat\u00eb si [&hellip;]<\/p>\n","protected":false},"author":2013,"featured_media":123493,"comment_status":"open","ping_status":"closed","sticky":false,"template":"","format":"standard","meta":{"footnotes":""},"categories":[241,235],"tags":[],"class_list":{"0":"post-123492","1":"post","2":"type-post","3":"status-publish","4":"format-standard","5":"has-post-thumbnail","7":"category-aktualitet","8":"category-vendi"},"_links":{"self":[{"href":"https:\/\/zjarr.tv\/sq\/wp-json\/wp\/v2\/posts\/123492","targetHints":{"allow":["GET"]}}],"collection":[{"href":"https:\/\/zjarr.tv\/sq\/wp-json\/wp\/v2\/posts"}],"about":[{"href":"https:\/\/zjarr.tv\/sq\/wp-json\/wp\/v2\/types\/post"}],"author":[{"embeddable":true,"href":"https:\/\/zjarr.tv\/sq\/wp-json\/wp\/v2\/users\/2013"}],"replies":[{"embeddable":true,"href":"https:\/\/zjarr.tv\/sq\/wp-json\/wp\/v2\/comments?post=123492"}],"version-history":[{"count":0,"href":"https:\/\/zjarr.tv\/sq\/wp-json\/wp\/v2\/posts\/123492\/revisions"}],"wp:featuredmedia":[{"embeddable":true,"href":"https:\/\/zjarr.tv\/sq\/wp-json\/wp\/v2\/media\/123493"}],"wp:attachment":[{"href":"https:\/\/zjarr.tv\/sq\/wp-json\/wp\/v2\/media?parent=123492"}],"wp:term":[{"taxonomy":"category","embeddable":true,"href":"https:\/\/zjarr.tv\/sq\/wp-json\/wp\/v2\/categories?post=123492"},{"taxonomy":"post_tag","embeddable":true,"href":"https:\/\/zjarr.tv\/sq\/wp-json\/wp\/v2\/tags?post=123492"}],"curies":[{"name":"wp","href":"https:\/\/api.w.org\/{rel}","templated":true}]}}