{"id":123498,"date":"2020-03-09T12:00:19","date_gmt":"2020-03-09T11:00:19","guid":{"rendered":"https:\/\/zjarr.tv\/?p=123498"},"modified":"2020-03-09T12:00:19","modified_gmt":"2020-03-09T11:00:19","slug":"manastirliu-thirrje-qytetareve-ruani-distancen-mbi-1-m-me-personat-e-tjere","status":"publish","type":"post","link":"https:\/\/zjarr.tv\/sq\/manastirliu-thirrje-qytetareve-ruani-distancen-mbi-1-m-me-personat-e-tjere\/","title":{"rendered":"Manastirliu thirrje qytetar\u00ebve: Ruani distanc\u00ebn mbi 1 m me personat e tjer\u00eb"},"content":{"rendered":"<p>Pas konfirmimit t\u00eb dy rasteve me koronavirus n\u00eb vendin ton\u00eb, Ministrja e Sh\u00ebndet\u00ebsis\u00eb Ogerta Manastirliu apeloi qytetar\u00ebt t\u00eb ruajn\u00eb qet\u00ebsin\u00eb.<\/p>\n<p>Ministrja n\u00ebnvizoi se mjek\u00ebt dhe infermier\u00ebt jan\u00eb n\u00eb ball\u00eb t\u00eb situat\u00ebs p\u00ebr t\u00eb v\u00ebn\u00eb n\u00eb zbatim t\u00eb gjitha skenaret e planifikuara.<\/p>\n<p>Nga ana tjet\u00ebr Manastirliu k\u00ebrkoi bashk\u00ebpunim me qytetar\u00ebt.<\/p>\n<p><em><strong>Manastirliu:\u00a0<\/strong>Kam nj\u00eb thirrje p\u00ebr personat q\u00eb kontaktohen nga ekipet tona t\u00eb bashk\u00ebpunojn\u00eb me to p\u00ebr t\u00eb mir\u00ebn e sh\u00ebndetit t\u00eb tyre dhe t\u00eb t\u00eb af\u00ebrm\u00ebve t\u00eb tyre dhe qytetar\u00ebve t\u00eb tjer\u00eb. U b\u00ebj thirrje t\u00eb jen\u00eb racional\u00eb, nuk ka nevoj\u00eb p\u00ebr panik. Mjek\u00ebt dhe ekspert\u00ebt jan\u00eb n\u00eb krye t\u00eb detyr\u00ebs dhe kan\u00eb qen\u00eb q\u00eb nga momenti i \u00a0konfirmimit t\u00eb rasteve gjat\u00eb gjith\u00eb nat\u00ebs dhe do t\u00eb vijojn\u00eb t\u00eb jen\u00eb n\u00eb krye t\u00eb detyr\u00ebs. \u00c7do or\u00eb ka p\u00ebrforcim t\u00eb masave,\u00e7do qytetar do t\u00eb informohet n\u00eb vazhdim\u00ebsi p\u00ebr masat q\u00eb ne do t\u00eb marrim n\u00eb var\u00ebsi t\u00eb situat\u00ebs dhe shkall\u00ebs s\u00eb rrezikshm\u00ebris\u00eb.<\/em><\/p>\n<p><em>P\u00ebrs\u00ebris thirrjen p\u00ebr qytetar\u00ebt q\u00eb n\u00ebse kan\u00eb simptoma t\u00eb ngjashme me ato t\u00eb gripit t\u00eb telefojn\u00eb menj\u00ebher\u00eb n\u00eb numrin 127 dhe ta b\u00ebjn\u00eb pa asnj\u00eb vones\u00eb. Ekipi i urgjenc\u00ebs do t\u00eb paraqitetet tek ata. Qytetar\u00ebt t\u00eb mos vin\u00eb n\u00eb urgjenca pa pasur shenja klinike dhe pa kontaktuar 127. Virusi nuk shp\u00ebrndahet p\u00ebrmes ajrit por kontakteteve. Qytetar\u00ebt t\u00eb respektojn\u00eb rregullat e higjien\u00ebs, t\u00eb lajn\u00eb duart p\u00ebr 20 sekonda, mbulim i fytyr\u00ebs me b\u00ebrryl gjat\u00eb t\u00ebshtitjes apo kollitjes dhe ruajtja e distanc\u00ebs m\u00eb shum\u00eb se 1 met\u00ebr me personat e tjer\u00eb.<\/em><\/p>\n<p>Ministrja e Sh\u00ebndet\u00ebsis\u00eb theksoi se asnj\u00eb vend nuk \u00ebsht\u00eb imun ndaj virusit porse dallimin e b\u00ebn m\u00ebnyra se autoritetet reagojn\u00eb.<\/p>\n<p><em><strong>Manastirliu:\u00a0<\/strong>Nuk jemi imun\u00eb por \u00ebsht\u00eb nj\u00eb situat\u00eb ku b\u00ebn dallimin m\u00ebnyra sesi reagon, ruajtja e qet\u00ebsis\u00eb dhe ndjekja e protokolleve. \u00a0Tre drejtimet kryesore t\u00eb planit ton\u00eb t\u00eb veprimit p\u00ebr t\u00eb parandaluar p\u00ebrhapjen e k\u00ebtij virusi \u00a0jan\u00eb: freno, vono dhe leht\u00ebso.<\/em><\/p>\n<p>N\u00eb mbledhjen urgjente m\u00ebngjesin e sot\u00ebm qeveria doli me nj\u00eb s\u00ebr\u00eb masash p\u00ebr parandalimin e p\u00ebrhapjes s\u00eb koronavirusit.<\/p>\n<p>K\u00ebshtu qeveria vendosi mbylljen e institucioneve arsimore p\u00ebr nj\u00eb periudh\u00eb 2-javore, deri m\u00eb 23 mars dhe anulimin e fluturimeve drejt Italis\u00eb deri me 13 prill.<\/p>\n<p>Masat p\u00ebrfshijn\u00eb gjithashtu edhe mbyllje t\u00eb aktiviteteve publike dhe jopublike dhe anulimin e grumbullimeve masive, kufizim t\u00eb l\u00ebvizjes s\u00eb shoq\u00ebruesve dhe familjar\u00ebve t\u00eb pacient\u00ebve n\u00eb spitale, vet\u00ebkarantinim t\u00eb personave t\u00eb hyjn\u00eb n\u00eb territorin e Shqip\u00ebris\u00eb nga zonat e izoluara n\u00eb Itali dhe ndalim i eksportit t\u00eb barnave dhe pajisjeve mjek\u00ebsore.<\/p>\n","protected":false},"excerpt":{"rendered":"<p>Pas konfirmimit t\u00eb dy rasteve me koronavirus n\u00eb vendin ton\u00eb, Ministrja e Sh\u00ebndet\u00ebsis\u00eb Ogerta Manastirliu apeloi qytetar\u00ebt t\u00eb ruajn\u00eb qet\u00ebsin\u00eb. Ministrja n\u00ebnvizoi se mjek\u00ebt dhe infermier\u00ebt jan\u00eb n\u00eb ball\u00eb t\u00eb situat\u00ebs p\u00ebr t\u00eb v\u00ebn\u00eb n\u00eb zbatim t\u00eb gjitha skenaret e planifikuara. Nga ana tjet\u00ebr Manastirliu k\u00ebrkoi bashk\u00ebpunim me qytetar\u00ebt. Manastirliu:\u00a0Kam nj\u00eb thirrje p\u00ebr personat q\u00eb [&hellip;]<\/p>\n","protected":false},"author":2013,"featured_media":123499,"comment_status":"open","ping_status":"closed","sticky":false,"template":"","format":"standard","meta":{"footnotes":""},"categories":[241,235],"tags":[],"class_list":{"0":"post-123498","1":"post","2":"type-post","3":"status-publish","4":"format-standard","5":"has-post-thumbnail","7":"category-aktualitet","8":"category-vendi"},"_links":{"self":[{"href":"https:\/\/zjarr.tv\/sq\/wp-json\/wp\/v2\/posts\/123498","targetHints":{"allow":["GET"]}}],"collection":[{"href":"https:\/\/zjarr.tv\/sq\/wp-json\/wp\/v2\/posts"}],"about":[{"href":"https:\/\/zjarr.tv\/sq\/wp-json\/wp\/v2\/types\/post"}],"author":[{"embeddable":true,"href":"https:\/\/zjarr.tv\/sq\/wp-json\/wp\/v2\/users\/2013"}],"replies":[{"embeddable":true,"href":"https:\/\/zjarr.tv\/sq\/wp-json\/wp\/v2\/comments?post=123498"}],"version-history":[{"count":0,"href":"https:\/\/zjarr.tv\/sq\/wp-json\/wp\/v2\/posts\/123498\/revisions"}],"wp:featuredmedia":[{"embeddable":true,"href":"https:\/\/zjarr.tv\/sq\/wp-json\/wp\/v2\/media\/123499"}],"wp:attachment":[{"href":"https:\/\/zjarr.tv\/sq\/wp-json\/wp\/v2\/media?parent=123498"}],"wp:term":[{"taxonomy":"category","embeddable":true,"href":"https:\/\/zjarr.tv\/sq\/wp-json\/wp\/v2\/categories?post=123498"},{"taxonomy":"post_tag","embeddable":true,"href":"https:\/\/zjarr.tv\/sq\/wp-json\/wp\/v2\/tags?post=123498"}],"curies":[{"name":"wp","href":"https:\/\/api.w.org\/{rel}","templated":true}]}}