{"id":123501,"date":"2020-03-09T12:02:35","date_gmt":"2020-03-09T11:02:35","guid":{"rendered":"https:\/\/zjarr.tv\/?p=123501"},"modified":"2020-03-09T12:02:35","modified_gmt":"2020-03-09T11:02:35","slug":"koronavirusi-shqiperia-nderpret-fluturimet-me-10-aeroporte-te-italise","status":"publish","type":"post","link":"https:\/\/zjarr.tv\/sq\/koronavirusi-shqiperia-nderpret-fluturimet-me-10-aeroporte-te-italise\/","title":{"rendered":"Koronavirusi, Shqip\u00ebria nd\u00ebrpret fluturimet me 10 aeroporte t\u00eb Italis\u00eb"},"content":{"rendered":"<p>Autoriteti i Aviacionit Civil njoftoi se vendosi pezullimin e fluturimeve nga Shqip\u00ebria n\u00eb drejtim t\u00eb Italis\u00eb dhe anasjelltas p\u00ebr shkak t\u00eb situat\u00ebs s\u00eb koronavirusit. Sipas AAC, fluturimet do t\u00eb nd\u00ebrpriten me disa nga aeroportet q\u00eb jan\u00eb n\u00eb \u201czon\u00ebn e kuqe\u201d t\u00eb shpallur nga qeveria italiane, ku jan\u00eb regjistruar num\u00ebr i madh t\u00eb prekurish nga koronavirusi.<\/p>\n<p><strong>Njoftimi i AAC:<\/strong>\u00a0<em>Njoftim i r\u00ebnd\u00ebsish\u00ebm n\u00eb lidhje me COVID-19 dhe fluturimet p\u00ebr\/nga Shqip\u00ebria dhe Italis\u00eb. N\u00eb vijim t\u00eb situat\u00ebs s\u00eb krijuar n\u00eb Itali p\u00ebr shkak t\u00eb p\u00ebrhapjes s\u00eb COVID-19, masave t\u00eb marra nga qeveria italiane p\u00ebr vendosjen e karantin\u00ebs n\u00eb veri t\u00eb Italis\u00eb, si dhe masave parandaluese t\u00eb p\u00ebrhapjes s\u00eb virusit n\u00eb vendin ton\u00eb, n\u00eb zbatim t\u00eb urdhrit t\u00eb Ministris\u00eb s\u00eb Infrastruktur\u00ebs dhe Energjis\u00eb, ndalohen t\u00eb gjitha fluturimet p\u00ebr dhe nga Aeroporti Nd\u00ebrkomb\u00ebtar \u201cN\u00ebn\u00eb Tereza\u201d dhe:<\/em><\/p>\n<p><em>\u2022 Aeroporti Milano Malpensa (MXP)<br \/>\n\u2022 Aeroporti Milano Bergamo (BGY)<br \/>\n\u2022 Aeroporti Bologna (BLQ)<br \/>\n\u2022 Aeroporti Firenze (FLR)<br \/>\n\u2022 Aeroporti Genoa (GOA)<br \/>\n\u2022 Aeroporti Perugia (PEG)<br \/>\n\u2022 Aeroporti Pisa (PSA)<br \/>\n\u2022 Aeroporti Rimini (RMI)<br \/>\n\u2022 Aeroporti Venezia (VCE)<br \/>\n\u2022 Aeroporti Verona (VRN)<\/em><\/p>\n<p><em>Autoriteti Aviacionit Civil ka l\u00ebshuar menj\u00ebher\u00eb udh\u00ebzimin drejtuar Aeroportit Nd\u00ebrkomb\u00ebtar \u201cN\u00ebn\u00eb Tereza\u201d dhe ofruesit t\u00eb sh\u00ebrbimit t\u00eb lundrimit ajror \u201cAlbcontrol\u201d p\u00ebr nxjerrjen e njoftimeve t\u00eb nevojshme p\u00ebr zbatimin e k\u00ebtij kufizimi t\u00eb fluturimeve p\u00ebr\/nga aeroportet e lartp\u00ebrmendura, deri n\u00eb nj\u00eb njoftim t\u00eb dyt\u00eb.<\/em><\/p>\n","protected":false},"excerpt":{"rendered":"<p>Autoriteti i Aviacionit Civil njoftoi se vendosi pezullimin e fluturimeve nga Shqip\u00ebria n\u00eb drejtim t\u00eb Italis\u00eb dhe anasjelltas p\u00ebr shkak t\u00eb situat\u00ebs s\u00eb koronavirusit. Sipas AAC, fluturimet do t\u00eb nd\u00ebrpriten me disa nga aeroportet q\u00eb jan\u00eb n\u00eb \u201czon\u00ebn e kuqe\u201d t\u00eb shpallur nga qeveria italiane, ku jan\u00eb regjistruar num\u00ebr i madh t\u00eb prekurish nga koronavirusi. [&hellip;]<\/p>\n","protected":false},"author":2013,"featured_media":72820,"comment_status":"open","ping_status":"closed","sticky":false,"template":"","format":"standard","meta":{"footnotes":""},"categories":[241,235],"tags":[],"class_list":{"0":"post-123501","1":"post","2":"type-post","3":"status-publish","4":"format-standard","5":"has-post-thumbnail","7":"category-aktualitet","8":"category-vendi"},"_links":{"self":[{"href":"https:\/\/zjarr.tv\/sq\/wp-json\/wp\/v2\/posts\/123501","targetHints":{"allow":["GET"]}}],"collection":[{"href":"https:\/\/zjarr.tv\/sq\/wp-json\/wp\/v2\/posts"}],"about":[{"href":"https:\/\/zjarr.tv\/sq\/wp-json\/wp\/v2\/types\/post"}],"author":[{"embeddable":true,"href":"https:\/\/zjarr.tv\/sq\/wp-json\/wp\/v2\/users\/2013"}],"replies":[{"embeddable":true,"href":"https:\/\/zjarr.tv\/sq\/wp-json\/wp\/v2\/comments?post=123501"}],"version-history":[{"count":0,"href":"https:\/\/zjarr.tv\/sq\/wp-json\/wp\/v2\/posts\/123501\/revisions"}],"wp:featuredmedia":[{"embeddable":true,"href":"https:\/\/zjarr.tv\/sq\/wp-json\/wp\/v2\/media\/72820"}],"wp:attachment":[{"href":"https:\/\/zjarr.tv\/sq\/wp-json\/wp\/v2\/media?parent=123501"}],"wp:term":[{"taxonomy":"category","embeddable":true,"href":"https:\/\/zjarr.tv\/sq\/wp-json\/wp\/v2\/categories?post=123501"},{"taxonomy":"post_tag","embeddable":true,"href":"https:\/\/zjarr.tv\/sq\/wp-json\/wp\/v2\/tags?post=123501"}],"curies":[{"name":"wp","href":"https:\/\/api.w.org\/{rel}","templated":true}]}}