{"id":123510,"date":"2020-03-09T12:08:46","date_gmt":"2020-03-09T11:08:46","guid":{"rendered":"https:\/\/zjarr.tv\/?p=123510"},"modified":"2020-03-09T12:08:46","modified_gmt":"2020-03-09T11:08:46","slug":"koronavirusi-presidenti-meta-leter-solidariteti-homologut-italian-sergio-mattarella","status":"publish","type":"post","link":"https:\/\/zjarr.tv\/sq\/koronavirusi-presidenti-meta-leter-solidariteti-homologut-italian-sergio-mattarella\/","title":{"rendered":"Koronavirusi, Presidenti Meta let\u00ebr solidariteti homologut italian Sergio Mattarella"},"content":{"rendered":"<p>Presidenti Ilir Meta i d\u00ebrgoi t\u00eb h\u00ebn\u00ebn nj\u00eb let\u00ebr homologut t\u00eb tij italian Sergo Matarella, ku shpreh solidaritetin n\u00eb lidhje me situat\u00ebn e krijuar nga koronavirusi. Meta mb\u00ebshtet masat e marra nga autoritetet italiane p\u00ebr parandalimin e p\u00ebrhapjes s\u00eb koronavirusit. Sipas njoftimit t\u00eb Kreut t\u00eb Shtetit, m\u00ebsohet se ai beson se masat e marra p\u00ebr parandalimin do t\u00eb japin rezultate dhe do t\u00eb kthejn\u00eb normalitetin.<\/p>\n<p><strong>Njoftimi i Presidenc\u00ebs:<\/strong>\u00a0<em>Presidenti i Republik\u00ebs s\u00eb Shqip\u00ebris\u00eb SH.T. Z Ilir Meta i ka d\u00ebrguar sot nj\u00eb let\u00ebr Presidentit t\u00eb Republik\u00ebs t\u00eb Italis\u00eb Sh.T.Z Sergio Mattarella, n\u00eb t\u00eb cil\u00ebn shpreh solidaritetin e tij dhe t\u00eb gjith\u00eb popullit shqiptar mbi situat\u00ebn e krijuar s\u00eb fundmi n\u00eb vendin fqinj nga p\u00ebrhapja e virusit COVID-19, si dhe ngush\u00ebllimet p\u00ebr humbjet e jet\u00ebve nga ky virus.<\/em><\/p>\n<p><em>Presidenti Meta mb\u00ebshtet masat e detyruara t\u00eb marra me p\u00ebrgjegj\u00ebsi t\u00eb lart\u00eb shtet\u00ebrore nga autoritetet Italiane dhe i vler\u00ebson k\u00ebto masa si mjaft t\u00eb r\u00ebnd\u00ebsishme jo vet\u00ebm p\u00ebr Italin\u00eb por dhe p\u00ebr t\u00eb gjith\u00eb rajonin.<\/em><\/p>\n<p><em>Duke shprehur bindjen se p\u00ebrpjekjet e autoriteteve italiane p\u00ebr t\u00eb izoluar k\u00ebt\u00eb epidemi shpejt do t\u00eb japin rezultate dhe do t\u00eb kthejn\u00eb normalitetin n\u00eb jet\u00ebn e italian\u00ebve, Presidenti Meta n\u00ebnvizon se angazhohet p\u00ebr t\u00eb forcuar bashk\u00ebpunimin nd\u00ebrmjet autoriteteve sh\u00ebndet\u00ebsore t\u00eb t\u00eb dy vendeve n\u00eb p\u00ebrballimin e k\u00ebrc\u00ebnimit t\u00eb k\u00ebsaj epidemie.<\/em><\/p>\n","protected":false},"excerpt":{"rendered":"<p>Presidenti Ilir Meta i d\u00ebrgoi t\u00eb h\u00ebn\u00ebn nj\u00eb let\u00ebr homologut t\u00eb tij italian Sergo Matarella, ku shpreh solidaritetin n\u00eb lidhje me situat\u00ebn e krijuar nga koronavirusi. Meta mb\u00ebshtet masat e marra nga autoritetet italiane p\u00ebr parandalimin e p\u00ebrhapjes s\u00eb koronavirusit. Sipas njoftimit t\u00eb Kreut t\u00eb Shtetit, m\u00ebsohet se ai beson se masat e marra p\u00ebr [&hellip;]<\/p>\n","protected":false},"author":2013,"featured_media":96498,"comment_status":"open","ping_status":"closed","sticky":false,"template":"","format":"standard","meta":{"footnotes":""},"categories":[241,235],"tags":[],"class_list":{"0":"post-123510","1":"post","2":"type-post","3":"status-publish","4":"format-standard","5":"has-post-thumbnail","7":"category-aktualitet","8":"category-vendi"},"_links":{"self":[{"href":"https:\/\/zjarr.tv\/sq\/wp-json\/wp\/v2\/posts\/123510","targetHints":{"allow":["GET"]}}],"collection":[{"href":"https:\/\/zjarr.tv\/sq\/wp-json\/wp\/v2\/posts"}],"about":[{"href":"https:\/\/zjarr.tv\/sq\/wp-json\/wp\/v2\/types\/post"}],"author":[{"embeddable":true,"href":"https:\/\/zjarr.tv\/sq\/wp-json\/wp\/v2\/users\/2013"}],"replies":[{"embeddable":true,"href":"https:\/\/zjarr.tv\/sq\/wp-json\/wp\/v2\/comments?post=123510"}],"version-history":[{"count":0,"href":"https:\/\/zjarr.tv\/sq\/wp-json\/wp\/v2\/posts\/123510\/revisions"}],"wp:featuredmedia":[{"embeddable":true,"href":"https:\/\/zjarr.tv\/sq\/wp-json\/wp\/v2\/media\/96498"}],"wp:attachment":[{"href":"https:\/\/zjarr.tv\/sq\/wp-json\/wp\/v2\/media?parent=123510"}],"wp:term":[{"taxonomy":"category","embeddable":true,"href":"https:\/\/zjarr.tv\/sq\/wp-json\/wp\/v2\/categories?post=123510"},{"taxonomy":"post_tag","embeddable":true,"href":"https:\/\/zjarr.tv\/sq\/wp-json\/wp\/v2\/tags?post=123510"}],"curies":[{"name":"wp","href":"https:\/\/api.w.org\/{rel}","templated":true}]}}