{"id":123517,"date":"2020-03-09T12:18:06","date_gmt":"2020-03-09T11:18:06","guid":{"rendered":"https:\/\/zjarr.tv\/?p=123517"},"modified":"2020-03-09T12:18:06","modified_gmt":"2020-03-09T11:18:06","slug":"koronavirusi-pas-fluturimeve-pezullohen-te-gjitha-lundrimet-detare-drejt-italise-se-veriut","status":"publish","type":"post","link":"https:\/\/zjarr.tv\/sq\/koronavirusi-pas-fluturimeve-pezullohen-te-gjitha-lundrimet-detare-drejt-italise-se-veriut\/","title":{"rendered":"Koronavirusi\/ Pas fluturimeve, pezullohen t\u00eb gjitha lundrimet detare drejt Italis\u00eb s\u00eb veriut"},"content":{"rendered":"<p>Pas anulimit t\u00eb t\u00eb gjitha fluturimeve nga Aeroporti \u201cN\u00ebn\u00eb Tereza\u201d drejt Italis\u00eb s\u00eb veriut, e cila \u00ebsht\u00eb kthyer n\u00eb nj\u00eb vat\u00ebr t\u00eb nxeht\u00eb t\u00eb koronavirusit, jan\u00eb anuluar edhe t\u00eb gjitha l\u00ebvizjet me mjetet e transportit detar. N\u00eb nj\u00eb urdh\u00ebr t\u00eb firmosur nga ministrja e Infrastruktur\u00ebs, Belinda Balluku, thuhet se ndalohen t\u00eb gjitha l\u00ebvizjet me mjetet e transportit detar nga t\u00eb gjitha portet drejt Italis\u00eb s\u00eb veriut, deri n\u00eb nj\u00eb urdh\u00ebr t\u00eb dyt\u00eb.<\/p>\n","protected":false},"excerpt":{"rendered":"<p>Pas anulimit t\u00eb t\u00eb gjitha fluturimeve nga Aeroporti \u201cN\u00ebn\u00eb Tereza\u201d drejt Italis\u00eb s\u00eb veriut, e cila \u00ebsht\u00eb kthyer n\u00eb nj\u00eb vat\u00ebr t\u00eb nxeht\u00eb t\u00eb koronavirusit, jan\u00eb anuluar edhe t\u00eb gjitha l\u00ebvizjet me mjetet e transportit detar. N\u00eb nj\u00eb urdh\u00ebr t\u00eb firmosur nga ministrja e Infrastruktur\u00ebs, Belinda Balluku, thuhet se ndalohen t\u00eb gjitha l\u00ebvizjet me mjetet [&hellip;]<\/p>\n","protected":false},"author":2013,"featured_media":123518,"comment_status":"open","ping_status":"closed","sticky":false,"template":"","format":"standard","meta":{"footnotes":""},"categories":[241,235],"tags":[],"class_list":{"0":"post-123517","1":"post","2":"type-post","3":"status-publish","4":"format-standard","5":"has-post-thumbnail","7":"category-aktualitet","8":"category-vendi"},"_links":{"self":[{"href":"https:\/\/zjarr.tv\/sq\/wp-json\/wp\/v2\/posts\/123517","targetHints":{"allow":["GET"]}}],"collection":[{"href":"https:\/\/zjarr.tv\/sq\/wp-json\/wp\/v2\/posts"}],"about":[{"href":"https:\/\/zjarr.tv\/sq\/wp-json\/wp\/v2\/types\/post"}],"author":[{"embeddable":true,"href":"https:\/\/zjarr.tv\/sq\/wp-json\/wp\/v2\/users\/2013"}],"replies":[{"embeddable":true,"href":"https:\/\/zjarr.tv\/sq\/wp-json\/wp\/v2\/comments?post=123517"}],"version-history":[{"count":0,"href":"https:\/\/zjarr.tv\/sq\/wp-json\/wp\/v2\/posts\/123517\/revisions"}],"wp:featuredmedia":[{"embeddable":true,"href":"https:\/\/zjarr.tv\/sq\/wp-json\/wp\/v2\/media\/123518"}],"wp:attachment":[{"href":"https:\/\/zjarr.tv\/sq\/wp-json\/wp\/v2\/media?parent=123517"}],"wp:term":[{"taxonomy":"category","embeddable":true,"href":"https:\/\/zjarr.tv\/sq\/wp-json\/wp\/v2\/categories?post=123517"},{"taxonomy":"post_tag","embeddable":true,"href":"https:\/\/zjarr.tv\/sq\/wp-json\/wp\/v2\/tags?post=123517"}],"curies":[{"name":"wp","href":"https:\/\/api.w.org\/{rel}","templated":true}]}}