{"id":123520,"date":"2020-03-09T12:30:48","date_gmt":"2020-03-09T11:30:48","guid":{"rendered":"https:\/\/zjarr.tv\/?p=123520"},"modified":"2020-03-09T12:30:48","modified_gmt":"2020-03-09T11:30:48","slug":"masat-per-koronavirusin-debate-ne-komisionin-e-sigurise","status":"publish","type":"post","link":"https:\/\/zjarr.tv\/sq\/masat-per-koronavirusin-debate-ne-komisionin-e-sigurise\/","title":{"rendered":"Masat p\u00ebr koronavirusin, debate n\u00eb Komisionin e Siguris\u00eb"},"content":{"rendered":"<p>Deputet\u00ebt e Komisionit t\u00eb Siguris\u00eb Komb\u00ebtare n\u00eb Kuvend i kan\u00eb kushtuar v\u00ebmendje situat\u00ebs s\u00eb krijuar nga kronavirusi. Deputet\u00ebt e maxhoranc\u00ebs n\u00eb komision jan\u00eb shprehur se n\u00ebse deri tani nuk ka masa shtes\u00eb, por do t\u00eb shikohet n\u00eb vijim. Nd\u00ebrkoh\u00eb, deputeti i opozit\u00ebs Myslim Murrizi un shpreh masat duhet t\u00eb ishin marr\u00eb n\u00eb koh\u00eb.<\/p>\n<p><strong>Xhevalia Qefalia:<\/strong>\u00a0vet\u00ebm masat e propozuara nga qeveria deri m\u00eb tani t\u00eb propozuara nga kryeministri dhe min e sh\u00ebndet\u00ebsis\u00eb.<\/p>\n<p><strong>Elona Gjebrea:<\/strong>\u00a0Deri m\u00eb tani nuk \u00ebsht\u00eb menduar t\u00eb propozohet masa shtes\u00eb, por do t\u00eb shikohet n\u00eb vijim t\u00eb situat\u00ebs.<\/p>\n<p><strong>Myslim Murrizi:<\/strong>\u00a0Masat jan\u00eb t\u00eb nevojshme duhet t\u00eb ishin marr\u00eb me koh\u00eb, fluturimet nga Italia duhet te ishin ndaluar me koh\u00eb dhe kontrollet duhet t\u00eb ishin intensifikuar para kesaj situate. Qytetar\u00ebt t\u00eb ndjekin k\u00ebshillat e mjek\u00ebve dhe t\u00eb mos d\u00ebgjojn\u00eb politikan\u00ebt dhe at\u00eb q\u00eb propagandohet nga politika.<\/p>\n","protected":false},"excerpt":{"rendered":"<p>Deputet\u00ebt e Komisionit t\u00eb Siguris\u00eb Komb\u00ebtare n\u00eb Kuvend i kan\u00eb kushtuar v\u00ebmendje situat\u00ebs s\u00eb krijuar nga kronavirusi. Deputet\u00ebt e maxhoranc\u00ebs n\u00eb komision jan\u00eb shprehur se n\u00ebse deri tani nuk ka masa shtes\u00eb, por do t\u00eb shikohet n\u00eb vijim. Nd\u00ebrkoh\u00eb, deputeti i opozit\u00ebs Myslim Murrizi un shpreh masat duhet t\u00eb ishin marr\u00eb n\u00eb koh\u00eb. Xhevalia Qefalia:\u00a0vet\u00ebm [&hellip;]<\/p>\n","protected":false},"author":2013,"featured_media":123521,"comment_status":"open","ping_status":"closed","sticky":false,"template":"","format":"standard","meta":{"footnotes":""},"categories":[241,235],"tags":[],"class_list":{"0":"post-123520","1":"post","2":"type-post","3":"status-publish","4":"format-standard","5":"has-post-thumbnail","7":"category-aktualitet","8":"category-vendi"},"_links":{"self":[{"href":"https:\/\/zjarr.tv\/sq\/wp-json\/wp\/v2\/posts\/123520","targetHints":{"allow":["GET"]}}],"collection":[{"href":"https:\/\/zjarr.tv\/sq\/wp-json\/wp\/v2\/posts"}],"about":[{"href":"https:\/\/zjarr.tv\/sq\/wp-json\/wp\/v2\/types\/post"}],"author":[{"embeddable":true,"href":"https:\/\/zjarr.tv\/sq\/wp-json\/wp\/v2\/users\/2013"}],"replies":[{"embeddable":true,"href":"https:\/\/zjarr.tv\/sq\/wp-json\/wp\/v2\/comments?post=123520"}],"version-history":[{"count":0,"href":"https:\/\/zjarr.tv\/sq\/wp-json\/wp\/v2\/posts\/123520\/revisions"}],"wp:featuredmedia":[{"embeddable":true,"href":"https:\/\/zjarr.tv\/sq\/wp-json\/wp\/v2\/media\/123521"}],"wp:attachment":[{"href":"https:\/\/zjarr.tv\/sq\/wp-json\/wp\/v2\/media?parent=123520"}],"wp:term":[{"taxonomy":"category","embeddable":true,"href":"https:\/\/zjarr.tv\/sq\/wp-json\/wp\/v2\/categories?post=123520"},{"taxonomy":"post_tag","embeddable":true,"href":"https:\/\/zjarr.tv\/sq\/wp-json\/wp\/v2\/tags?post=123520"}],"curies":[{"name":"wp","href":"https:\/\/api.w.org\/{rel}","templated":true}]}}