{"id":123529,"date":"2020-03-09T14:06:40","date_gmt":"2020-03-09T13:06:40","guid":{"rendered":"https:\/\/zjarr.tv\/?p=123529"},"modified":"2020-03-09T14:06:40","modified_gmt":"2020-03-09T13:06:40","slug":"koronavirusi-ne-shqiperi-basha-te-flasin-mjeket-nuk-eshte-koha-per-panik","status":"publish","type":"post","link":"https:\/\/zjarr.tv\/sq\/koronavirusi-ne-shqiperi-basha-te-flasin-mjeket-nuk-eshte-koha-per-panik\/","title":{"rendered":"Koronavirusi n\u00eb Shqip\u00ebri, Basha: T\u00eb flasin mjek\u00ebt, nuk \u00ebsht\u00eb koha p\u00ebr panik"},"content":{"rendered":"<p>Kryetari i Partis\u00eb Demokratike Lulzim Basha me disa ekspert\u00eb t\u00eb sh\u00ebndet\u00ebsis\u00eb doli n\u00eb konferenc\u00eb p\u00ebr shtyp duke u b\u00ebr\u00eb apel mjek\u00ebve q\u00eb flasin p\u00ebr sitaut\u00ebn. Basha u shpreh se sa m\u00eb shum\u00eb t\u00eb flasin specialsit\u00ebt, m\u00eb t\u00eb qet\u00eb do t\u00eb jen\u00eb qytetar\u00ebt. Basha gjithashtu u b\u00ebri apel qytetar\u00ebve q\u00eb t\u00eb mos jen\u00eb panik por t\u00eb respektojn\u00eb rekomandimet.<\/p>\n<p><strong>Lulzim Basha:<\/strong>\u00a0<em>T\u00eb gjith\u00eb duan t\u00eb d\u00ebgjojn\u00eb z\u00ebrin tuaj. Sa m\u00eb shum\u00eb t\u00eb flisni ju aq m\u00eb t\u00eb qet\u00eb do t\u00eb jen\u00eb qytetar\u00ebt. T\u00eb gjith\u00eb ju q\u00eb vini nga Italia e veriut dhe q\u00eb keni simptoma kontaktoni mjek\u00ebt dhe shmangi kontaktet me t\u00eb af\u00ebrmit. Sot nuk \u00ebsht\u00eb koha p\u00ebr panik por p\u00ebr kujdes maksimal. Sa m\u00eb t\u00eb kujdessh\u00ebm t\u00eb jeni sot aq m\u00eb mir\u00eb do t\u00eb p\u00ebrballohet kjo situat\u00eb me pasoja minimale.\u00a0<\/em><\/p>\n<p><em>Dua t\u00eb p\u00ebrs\u00ebris thirrjen drejtuar maturiteteve b\u00ebr\u00eb dy jav\u00eb m\u00eb par\u00eb p\u00ebr t\u00eb marr\u00eb masat p\u00ebr t\u00eb p\u00ebrballuar situat\u00ebn. Fondet e mjaftueshme, mobilizimi maksimal dhe transparenca jan\u00eb tre komponent\u00eb t\u00eb r\u00ebnd\u00ebsish\u00ebm politik\u00eb q\u00eb nuk duhet humbur koh\u00eb. Ne do monitorojm\u00eb situat\u00ebn. Ekspert\u00ebt tan\u00eb do jen\u00eb n\u00eb terren p\u00ebr t\u00eb ndjekur situat\u00ebn hap pas hapi. Grupi i pun\u00ebs n\u00eb PD do t\u00eb b\u00ebj\u00eb gjith\u00e7ka p\u00ebr t\u00eb qen\u00eb sa m\u00eb af\u00ebr njer\u00ebzve.\u00a0<\/em><\/p>\n","protected":false},"excerpt":{"rendered":"<p>Kryetari i Partis\u00eb Demokratike Lulzim Basha me disa ekspert\u00eb t\u00eb sh\u00ebndet\u00ebsis\u00eb doli n\u00eb konferenc\u00eb p\u00ebr shtyp duke u b\u00ebr\u00eb apel mjek\u00ebve q\u00eb flasin p\u00ebr sitaut\u00ebn. Basha u shpreh se sa m\u00eb shum\u00eb t\u00eb flasin specialsit\u00ebt, m\u00eb t\u00eb qet\u00eb do t\u00eb jen\u00eb qytetar\u00ebt. Basha gjithashtu u b\u00ebri apel qytetar\u00ebve q\u00eb t\u00eb mos jen\u00eb panik por t\u00eb [&hellip;]<\/p>\n","protected":false},"author":2013,"featured_media":112899,"comment_status":"open","ping_status":"closed","sticky":false,"template":"","format":"standard","meta":{"footnotes":""},"categories":[241,235],"tags":[],"class_list":{"0":"post-123529","1":"post","2":"type-post","3":"status-publish","4":"format-standard","5":"has-post-thumbnail","7":"category-aktualitet","8":"category-vendi"},"_links":{"self":[{"href":"https:\/\/zjarr.tv\/sq\/wp-json\/wp\/v2\/posts\/123529","targetHints":{"allow":["GET"]}}],"collection":[{"href":"https:\/\/zjarr.tv\/sq\/wp-json\/wp\/v2\/posts"}],"about":[{"href":"https:\/\/zjarr.tv\/sq\/wp-json\/wp\/v2\/types\/post"}],"author":[{"embeddable":true,"href":"https:\/\/zjarr.tv\/sq\/wp-json\/wp\/v2\/users\/2013"}],"replies":[{"embeddable":true,"href":"https:\/\/zjarr.tv\/sq\/wp-json\/wp\/v2\/comments?post=123529"}],"version-history":[{"count":0,"href":"https:\/\/zjarr.tv\/sq\/wp-json\/wp\/v2\/posts\/123529\/revisions"}],"wp:featuredmedia":[{"embeddable":true,"href":"https:\/\/zjarr.tv\/sq\/wp-json\/wp\/v2\/media\/112899"}],"wp:attachment":[{"href":"https:\/\/zjarr.tv\/sq\/wp-json\/wp\/v2\/media?parent=123529"}],"wp:term":[{"taxonomy":"category","embeddable":true,"href":"https:\/\/zjarr.tv\/sq\/wp-json\/wp\/v2\/categories?post=123529"},{"taxonomy":"post_tag","embeddable":true,"href":"https:\/\/zjarr.tv\/sq\/wp-json\/wp\/v2\/tags?post=123529"}],"curies":[{"name":"wp","href":"https:\/\/api.w.org\/{rel}","templated":true}]}}