{"id":123539,"date":"2020-03-09T14:39:04","date_gmt":"2020-03-09T13:39:04","guid":{"rendered":"https:\/\/zjarr.tv\/?p=123539"},"modified":"2020-03-09T14:39:04","modified_gmt":"2020-03-09T13:39:04","slug":"vasili-apel-qeverise-mos-kurseni-financat-per-personelin-mjekesor-koronavirusin-e-perballojme-me-qetesi","status":"publish","type":"post","link":"https:\/\/zjarr.tv\/sq\/vasili-apel-qeverise-mos-kurseni-financat-per-personelin-mjekesor-koronavirusin-e-perballojme-me-qetesi\/","title":{"rendered":"Vasili apel qeveris\u00eb: Mos kurseni financat p\u00ebr personelin mjek\u00ebsor, koronavirusin e p\u00ebrballojm\u00eb me qet\u00ebsi"},"content":{"rendered":"<p>N\u00ebnkryetari i L\u00ebvizje Socialiste p\u00ebr Itengrim Petrit Vasili n\u00eb nj\u00eb dalje p\u00ebr mediat, u b\u00ebri thirrje qytetar\u00ebve p\u00ebr qet\u00ebsi, n\u00eb p\u00ebrballimin e situat\u00ebs s\u00eb koronavirusit. Sipas Vasilit, me profesionaliz\u00ebm do t\u00eb arrijm\u00eb t\u00eb kalojm\u00eb k\u00ebt\u00eb situat\u00eb. Ai gjithashtu, k\u00ebrkoi nga autoritetet shtet\u00ebrore q\u00eb t\u00eb mos kursejn\u00eb financat p\u00ebr personelin mjek\u00ebsor, q\u00eb do t\u00eb jen\u00eb n\u00eb \u201cfrontin\u201d e betej\u00ebs m\u00eb kronavirusin.<\/p>\n<p><strong>Petrit Vasili:<\/strong>\u00a0<em>Moment q\u00eb k\u00ebrkon profesionalizmin dhe gjakftoht\u00ebsin\u00eb e duhur p\u00ebr t\u00eb p\u00ebrballuar k\u00ebt\u00eb situat\u00eb. N\u00eb k\u00ebt\u00eb moment kryefjala \u00a0e \u00e7do veprimi \u00ebsht\u00eb profesionalizmi. K\u00ebt\u00eb betej\u00eb me koronavirusin e fiton organizimi i mir\u00eb. Sigurisht, \u00e7do mas\u00eb q\u00eb merret nga autoritetet sh\u00ebndet\u00ebsore \u00ebsht\u00eb e mb\u00ebshtetur nga ne. Jan\u00eb masa standard q\u00eb aplikohen n\u00eb Shqip\u00ebri sipas nj\u00eb rregulli q\u00eb po zbatohet n\u00eb vende t\u00eb tjera. E ve\u00e7anta q\u00ebndron q\u00eb k\u00ebto masa t\u00eb zbatohen me p\u00ebrpikm\u00ebri. Fronti e k\u00ebsaj lufte e mban personeli mjek\u00ebsor.\u00a0<\/em><\/p>\n<p><em>Nuk duhet t\u00eb kursehet asgj\u00eb nga pik\u00ebpamja financiare p\u00ebr t\u00eb siguruar mjetet mjek\u00ebsore q\u00eb i duhen personelit mjek\u00ebsor, pasi e gjith\u00eb kjo armat\u00eb do t\u00eb jet\u00eb n\u00eb vij\u00ebn e par\u00eb. T\u00eb gjith\u00eb jemi objekte dhe subjekte n\u00eb nj\u00eb sitaut\u00eb e cila na intereson dhe na efekton t\u00eb gjith\u00ebve. Duhet ta konsiderojm\u00eb veten n\u00eb emergjenc\u00eb sanitare maksimale. Vet\u00ebk\u00ebnaqja me iden\u00eb q\u00eb rastet jan\u00eb t\u00eb pakta mund t\u00eb na fus\u00eb n\u00eb qorrsokakak.\u00a0<\/em><\/p>\n<p><em>Spitalet dhe qendrat tona sh\u00ebnet\u00ebsore duhet t\u00eb ndrin\u00eb. Nuk ka formula t\u00eb jasht\u00ebzakonshme vet\u00ebm zbatim t\u00eb protokolleve. Besimi yn\u00eb \u00ebsht\u00eb i plot\u00eb n\u00eb respektimin e k\u00ebtyre protokolleve nga koleg\u00ebt tan\u00eb. Nuk duhet neglizhuar asnj\u00eb element\u00eb. Sot thirrja ime si profesionist i fush\u00ebs \u00ebsht\u00eb qet\u00ebsi p\u00ebr qytetar\u00ebt dhe respektim i \u00e7do rregulli. Asnj\u00eb lloj q\u00ebndrimi aventuror do t\u00eb ishte nj\u00eb vet\u00ebvrasje. Duk respektuar rregullat do arrijm\u00eb t\u00eb kalojm\u00eb k\u00ebt\u00eb situat\u00eb t\u00eb v\u00ebshtir\u00eb. Lajmet nga Kina tregojn\u00eb q\u00eb epidemia atje ka r\u00ebn\u00eb n\u00eb m\u00ebnyr\u00eb drastike. Duhet t\u00eb p\u00ebrballemi me seriozitet me k\u00ebt\u00eb problem akut.\u00a0<\/em><\/p>\n","protected":false},"excerpt":{"rendered":"<p>N\u00ebnkryetari i L\u00ebvizje Socialiste p\u00ebr Itengrim Petrit Vasili n\u00eb nj\u00eb dalje p\u00ebr mediat, u b\u00ebri thirrje qytetar\u00ebve p\u00ebr qet\u00ebsi, n\u00eb p\u00ebrballimin e situat\u00ebs s\u00eb koronavirusit. Sipas Vasilit, me profesionaliz\u00ebm do t\u00eb arrijm\u00eb t\u00eb kalojm\u00eb k\u00ebt\u00eb situat\u00eb. Ai gjithashtu, k\u00ebrkoi nga autoritetet shtet\u00ebrore q\u00eb t\u00eb mos kursejn\u00eb financat p\u00ebr personelin mjek\u00ebsor, q\u00eb do t\u00eb jen\u00eb n\u00eb [&hellip;]<\/p>\n","protected":false},"author":2013,"featured_media":107732,"comment_status":"open","ping_status":"closed","sticky":false,"template":"","format":"standard","meta":{"footnotes":""},"categories":[241,235],"tags":[],"class_list":{"0":"post-123539","1":"post","2":"type-post","3":"status-publish","4":"format-standard","5":"has-post-thumbnail","7":"category-aktualitet","8":"category-vendi"},"_links":{"self":[{"href":"https:\/\/zjarr.tv\/sq\/wp-json\/wp\/v2\/posts\/123539","targetHints":{"allow":["GET"]}}],"collection":[{"href":"https:\/\/zjarr.tv\/sq\/wp-json\/wp\/v2\/posts"}],"about":[{"href":"https:\/\/zjarr.tv\/sq\/wp-json\/wp\/v2\/types\/post"}],"author":[{"embeddable":true,"href":"https:\/\/zjarr.tv\/sq\/wp-json\/wp\/v2\/users\/2013"}],"replies":[{"embeddable":true,"href":"https:\/\/zjarr.tv\/sq\/wp-json\/wp\/v2\/comments?post=123539"}],"version-history":[{"count":0,"href":"https:\/\/zjarr.tv\/sq\/wp-json\/wp\/v2\/posts\/123539\/revisions"}],"wp:featuredmedia":[{"embeddable":true,"href":"https:\/\/zjarr.tv\/sq\/wp-json\/wp\/v2\/media\/107732"}],"wp:attachment":[{"href":"https:\/\/zjarr.tv\/sq\/wp-json\/wp\/v2\/media?parent=123539"}],"wp:term":[{"taxonomy":"category","embeddable":true,"href":"https:\/\/zjarr.tv\/sq\/wp-json\/wp\/v2\/categories?post=123539"},{"taxonomy":"post_tag","embeddable":true,"href":"https:\/\/zjarr.tv\/sq\/wp-json\/wp\/v2\/tags?post=123539"}],"curies":[{"name":"wp","href":"https:\/\/api.w.org\/{rel}","templated":true}]}}