{"id":123543,"date":"2020-03-09T15:38:37","date_gmt":"2020-03-09T14:38:37","guid":{"rendered":"https:\/\/zjarr.tv\/?p=123543"},"modified":"2020-03-09T15:38:37","modified_gmt":"2020-03-09T14:38:37","slug":"ambasadori-i-shqiperise-ne-kine-duhet-te-shkundemi-ndryshe-do-te-na-shkunde-koronavirusi","status":"publish","type":"post","link":"https:\/\/zjarr.tv\/sq\/ambasadori-i-shqiperise-ne-kine-duhet-te-shkundemi-ndryshe-do-te-na-shkunde-koronavirusi\/","title":{"rendered":"Ambasadori i Shqip\u00ebris\u00eb n\u00eb Kin\u00eb: Duhet t\u00eb shkundemi, ndryshe do t\u00eb na shkund\u00eb koronavirusi"},"content":{"rendered":"<p>Ambasadori i Shqip\u00ebris\u00eb n\u00eb Kin\u00eb Selim Belortaja b\u00ebri nj\u00eb reagim t\u00eb fort\u00eb, pasi n\u00eb Shqip\u00ebri u evidentuan dy raste me koronavirus. Belortaja shprehet se ky njoftim nuk \u00ebsht\u00eb asgj\u00eb e re, nd\u00ebrsa shprehet se tani ka ardhur koha fund \u201cgallat\u00ebs\u201d apo shakave n\u00eb lidhje me k\u00ebt\u00eb s\u00ebmundje. Ai shprehet se t\u00eb gjith\u00eb duhet t\u00eb shkundemi, n\u00eb t\u00eb kund\u00ebr do t\u00eb na shkund\u00eb.<\/p>\n<p><strong>Selim Belortaja:\u00a0<\/strong><em>Asgj\u00eb e re s\u2019ka ndodhur. Ato 2-3 ishujt e vegj\u00ebl s\u2019mund t\u00eb q\u00ebndronin p\u00ebr shum\u00eb koh\u00eb gri. Me Italin\u00eb ne ishim thuajse \u201cnj\u00ebsh\u201d me avionat dhe tragetet e p\u00ebrdit\u00ebshme. Bashkimi me \u201chart\u00ebn e kuqe\u201d aty ishte, sot vet\u00ebm sa u zyrtarizua. Kjo eshte keq sigurisht, por ka dhe nj\u00eb t\u00eb mir\u00eb: uljen ton\u00eb me k\u00ebmb\u00eb n\u00eb tok\u00eb! Mbylljen e stacionit t\u00eb ..Gallat\u00ebs!\u00a0<\/em><\/p>\n<p><em>Stopin e ..qyfyreve, kunjave e shakave tona bajate, t\u00eb folklorizmave si ..\u201c\u00ebsht\u00eb si pun\u00eb gripi, po ..nj\u00eb \u00e7ik\u00eb me i fort\u00eb se gripi\u201d! apo \u201cjemi rrac\u00eb e fort\u00eb\u201d; te k\u00ebshillave qesharake si &#8230;.\u201dhani limona e pini raki\u201d! \u201c\u00ebsht\u00eb kot kjo e kot ajo&#8230;\u201d, etj. Ngjeshjes e gajasjes son\u00eb t\u00eb pap\u00ebrgjegj\u00ebshme n\u00ebp\u00ebr kafe, restorante, salla, stadiume dhe autobuza edhe ..p\u00ebr 1 stacion! T\u00eb gjith\u00eb duhet t\u00eb shkundemi. Ndryshe doemos ..do t\u00eb na shkund\u00eb!<\/em><\/p>\n","protected":false},"excerpt":{"rendered":"<p>Ambasadori i Shqip\u00ebris\u00eb n\u00eb Kin\u00eb Selim Belortaja b\u00ebri nj\u00eb reagim t\u00eb fort\u00eb, pasi n\u00eb Shqip\u00ebri u evidentuan dy raste me koronavirus. Belortaja shprehet se ky njoftim nuk \u00ebsht\u00eb asgj\u00eb e re, nd\u00ebrsa shprehet se tani ka ardhur koha fund \u201cgallat\u00ebs\u201d apo shakave n\u00eb lidhje me k\u00ebt\u00eb s\u00ebmundje. Ai shprehet se t\u00eb gjith\u00eb duhet t\u00eb shkundemi, [&hellip;]<\/p>\n","protected":false},"author":2013,"featured_media":123544,"comment_status":"open","ping_status":"closed","sticky":false,"template":"","format":"standard","meta":{"footnotes":""},"categories":[241,235],"tags":[],"class_list":{"0":"post-123543","1":"post","2":"type-post","3":"status-publish","4":"format-standard","5":"has-post-thumbnail","7":"category-aktualitet","8":"category-vendi"},"_links":{"self":[{"href":"https:\/\/zjarr.tv\/sq\/wp-json\/wp\/v2\/posts\/123543","targetHints":{"allow":["GET"]}}],"collection":[{"href":"https:\/\/zjarr.tv\/sq\/wp-json\/wp\/v2\/posts"}],"about":[{"href":"https:\/\/zjarr.tv\/sq\/wp-json\/wp\/v2\/types\/post"}],"author":[{"embeddable":true,"href":"https:\/\/zjarr.tv\/sq\/wp-json\/wp\/v2\/users\/2013"}],"replies":[{"embeddable":true,"href":"https:\/\/zjarr.tv\/sq\/wp-json\/wp\/v2\/comments?post=123543"}],"version-history":[{"count":0,"href":"https:\/\/zjarr.tv\/sq\/wp-json\/wp\/v2\/posts\/123543\/revisions"}],"wp:featuredmedia":[{"embeddable":true,"href":"https:\/\/zjarr.tv\/sq\/wp-json\/wp\/v2\/media\/123544"}],"wp:attachment":[{"href":"https:\/\/zjarr.tv\/sq\/wp-json\/wp\/v2\/media?parent=123543"}],"wp:term":[{"taxonomy":"category","embeddable":true,"href":"https:\/\/zjarr.tv\/sq\/wp-json\/wp\/v2\/categories?post=123543"},{"taxonomy":"post_tag","embeddable":true,"href":"https:\/\/zjarr.tv\/sq\/wp-json\/wp\/v2\/tags?post=123543"}],"curies":[{"name":"wp","href":"https:\/\/api.w.org\/{rel}","templated":true}]}}