{"id":123554,"date":"2020-03-09T17:17:55","date_gmt":"2020-03-09T16:17:55","guid":{"rendered":"https:\/\/zjarr.tv\/?p=123554"},"modified":"2020-03-09T17:17:55","modified_gmt":"2020-03-09T16:17:55","slug":"koronavirusi-anullimi-i-fluturimeve-shkaktoi-kaos-ne-aeroport","status":"publish","type":"post","link":"https:\/\/zjarr.tv\/sq\/koronavirusi-anullimi-i-fluturimeve-shkaktoi-kaos-ne-aeroport\/","title":{"rendered":"Koronavirusi: Anullimi i fluturimeve shkaktoi kaos n\u00eb aeroport"},"content":{"rendered":"<p>Vendimi i qeveris\u00eb p\u00ebr t\u00eb anuluar t\u00eb gjitha fluturimet me veriun e Italis\u00eb solli kaos t\u00eb v\u00ebrtet\u00eb n\u00eb aeroportin \u201cN\u00ebn\u00eb Tereza\u201d<\/p>\n<p>Tet\u00eb fluturime t\u00eb parashikuara drejt veriut t\u00eb Italis\u00eb u anulluan, \u00e7ka solli indinjat\u00eb dhe lot.<\/p>\n<p>Dhimbja e shkaktuar nga ndarja me familjen, i b\u00ebn t\u00eb thon\u00eb se do t\u00eb provojn\u00eb t\u00eb tjera rrug\u00eb.<\/p>\n<p><em>\u201cKam nj\u00eb n\u00ebn\u00eb 80 vjece e kam mbyllur n\u00eb sht\u00ebpi. Kam l\u00ebn\u00eb f\u00ebmij\u00ebt rrug\u00ebve\u201d\u00a0<\/em>thane qytetaret<em>.<\/em><\/p>\n<p>Rimbursimi nga kompanit\u00eb, nuk \u00ebsht\u00eb ende nj\u00eb opsion.<\/p>\n<p>Nuk munguan dhe shtetasit italian, t\u00eb cil\u00ebt kan\u00eb mbetur n\u00eb vendin ton\u00eb.<\/p>\n<p><em>Kam ardhur para 1 jave p\u00ebr t\u00eb vizituar dentistin, dhe kam djegur 2 bileta deri m\u00eb tani. Dje u anullua nj\u00eb fluturimi q\u00eb kasha drejt Milanos, dhe na than\u00eb q\u00eb t\u00eb prisnim nj\u00eb tjet\u00ebr bilet\u00eb. Edhe sot e nj\u00ebjta situat\u00eb. Kush mund t\u00eb m\u00eb jap\u00eb nj\u00eb zgjidhje? Nuk mund t\u00eb rri 2 jav\u00eb n\u00eb Shqip\u00ebri, s\u2019kam ask\u00ebnd k\u00ebtu&#8221; u shpreh nje shtetase italiane.<\/em><\/p>\n<p>Aeroporti njofton se b\u00ebhen fluturime drejt Rom\u00ebs, Ancon\u00ebs, Torinos dhe Barit.<\/p>\n<p>Deri m\u00eb dat\u00eb 3 prill, qeveria ka vendosur t\u00eb pezulloj\u00eb t\u00eb gjitha fluturimet dhe lundrimet drejt veriut t\u00eb Italis\u00eb, q\u00eb jan\u00eb klasifikuar si zona t\u00eb kuqe.<\/p>\n","protected":false},"excerpt":{"rendered":"<p>Vendimi i qeveris\u00eb p\u00ebr t\u00eb anuluar t\u00eb gjitha fluturimet me veriun e Italis\u00eb solli kaos t\u00eb v\u00ebrtet\u00eb n\u00eb aeroportin \u201cN\u00ebn\u00eb Tereza\u201d Tet\u00eb fluturime t\u00eb parashikuara drejt veriut t\u00eb Italis\u00eb u anulluan, \u00e7ka solli indinjat\u00eb dhe lot. Dhimbja e shkaktuar nga ndarja me familjen, i b\u00ebn t\u00eb thon\u00eb se do t\u00eb provojn\u00eb t\u00eb tjera rrug\u00eb. \u201cKam [&hellip;]<\/p>\n","protected":false},"author":2013,"featured_media":123555,"comment_status":"open","ping_status":"closed","sticky":false,"template":"","format":"standard","meta":{"footnotes":""},"categories":[241,235],"tags":[],"class_list":{"0":"post-123554","1":"post","2":"type-post","3":"status-publish","4":"format-standard","5":"has-post-thumbnail","7":"category-aktualitet","8":"category-vendi"},"_links":{"self":[{"href":"https:\/\/zjarr.tv\/sq\/wp-json\/wp\/v2\/posts\/123554","targetHints":{"allow":["GET"]}}],"collection":[{"href":"https:\/\/zjarr.tv\/sq\/wp-json\/wp\/v2\/posts"}],"about":[{"href":"https:\/\/zjarr.tv\/sq\/wp-json\/wp\/v2\/types\/post"}],"author":[{"embeddable":true,"href":"https:\/\/zjarr.tv\/sq\/wp-json\/wp\/v2\/users\/2013"}],"replies":[{"embeddable":true,"href":"https:\/\/zjarr.tv\/sq\/wp-json\/wp\/v2\/comments?post=123554"}],"version-history":[{"count":0,"href":"https:\/\/zjarr.tv\/sq\/wp-json\/wp\/v2\/posts\/123554\/revisions"}],"wp:featuredmedia":[{"embeddable":true,"href":"https:\/\/zjarr.tv\/sq\/wp-json\/wp\/v2\/media\/123555"}],"wp:attachment":[{"href":"https:\/\/zjarr.tv\/sq\/wp-json\/wp\/v2\/media?parent=123554"}],"wp:term":[{"taxonomy":"category","embeddable":true,"href":"https:\/\/zjarr.tv\/sq\/wp-json\/wp\/v2\/categories?post=123554"},{"taxonomy":"post_tag","embeddable":true,"href":"https:\/\/zjarr.tv\/sq\/wp-json\/wp\/v2\/tags?post=123554"}],"curies":[{"name":"wp","href":"https:\/\/api.w.org\/{rel}","templated":true}]}}